{"id":116780,"date":"2021-05-15T09:11:50","date_gmt":"2021-05-15T13:11:50","guid":{"rendered":"https:\/\/linitiative.ca\/International\/le-velo-un-moyen-de-locomotion-au-service-du-developpement\/"},"modified":"2021-05-15T09:11:50","modified_gmt":"2021-05-15T13:11:50","slug":"le-velo-un-moyen-de-locomotion-au-service-du-developpement","status":"publish","type":"post","link":"https:\/\/linitiative.ca\/International\/le-velo-un-moyen-de-locomotion-au-service-du-developpement\/","title":{"rendered":"Le v\u00e9lo, un moyen de locomotion au service du d\u00e9veloppement"},"content":{"rendered":"<p>Chez cette jeune N\u00e9erlandaise, Cantal Bakker, l\u2019id\u00e9e a germ\u00e9 lors de son premier s\u00e9jour \u00e0 Marrakech en 2015, quand elle a opt\u00e9 pour l\u2019utilisation d\u2019une bicyclette pour ses multiples d\u00e9placements dans diff\u00e9rents coins de la cit\u00e9 ocre.<\/p>\n<p>\u00ab\u00a0Une belle exp\u00e9rience, riche de beaux souvenirs, qui m\u2019a permis de d\u00e9couvrir le charme, l\u2019authenticit\u00e9 \u00e0 la splendeur des ruelles de Marrakech, et je voulais partager cette exp\u00e9rience\u00a0\u00bb, se souvient avec tant de joie et de fiert\u00e9 la fondatrice de l\u2019ONG \u00ab\u00a0Pikala Bikes\u00a0\u00bb.<\/p>\n<p>\u00ab\u00a0Ainsi, le projet a \u00e9t\u00e9 lanc\u00e9 en 2016 comme initiative personnelle d\u2019une jeune fille des Pays-Bas. Pour ce faire, j\u2019ai apport\u00e9 mon propre v\u00e9lo d\u2019Amsterdam et j\u2019ai investi mon argent personnel, car j\u2019ai trop de passion et je suis compl\u00e8tement convaincue du potentiel existant pour promouvoir davantage l\u2019utilisation des v\u00e9los \u00e0 Marrakech\u00a0\u00bb, a-t-elle d\u00e9clar\u00e9 \u00e0 la MAP.<\/p>\n<p>Et de poursuivre que le v\u00e9lo, cet outil de locomotion des plus pris\u00e9s \u00e0 Marrakech, est porteur de solutions positives tant pour la communaut\u00e9, que pour l\u2019environnement ou encore pour r\u00e9soudre les difficult\u00e9s li\u00e9es \u00e0 la mobilit\u00e9 urbaine.<\/p>\n<p>Depuis cette date, cet atelier d\u00e9di\u00e9 \u00e0 \u00ab\u00a0relooker\u00a0\u00bb et r\u00e9parer les v\u00e9los, a pu accueillir une trentaine de jeunes venus y travailler, avec pour finalit\u00e9 de cr\u00e9er en leur faveur d\u2019\u00e9normes opportunit\u00e9s en mati\u00e8re d\u2019\u00e9ducation et d\u2019emploi, a expliqu\u00e9 Mme Bakker, faisant savoir que l\u2019ambition est \u00e9galement de parvenir \u00e0 am\u00e9liorer la mobilit\u00e9 durable, \u00e0 prot\u00e9ger le centre-ville historique, du trafic motoris\u00e9 et \u00e0 renforcer la sensibilisation sur l\u2019imp\u00e9ratif de la pr\u00e9servation de l\u2019environnement.<\/p>\n<p>\u00ab\u00a0Pikala Bikes est un +playground professionnel+ o\u00f9 les jeunes peuvent se d\u00e9velopper et d\u00e9crocher leur premier emploi\u00a0\u00bb, rel\u00e8ve la jeune militante associative, entour\u00e9e de Khaoula El Haidi, Amina Boutbi et Issam Facil, des jeunes Marrakchis, qui ont eu le privil\u00e8ge de travailler dans ce projet depuis ses d\u00e9buts.<\/p>\n<p>Khaoula, Amina et Issam avaient entam\u00e9 leurs carri\u00e8res, au sein de \u00ab\u00a0Pikala Bikes\u00a0\u00bb, en tant qu\u2019accompagnateurs des touristes lors de leurs ballades \u00e0 v\u00e9los dans la cit\u00e9 ocre. Petit \u00e0 petit, ces f\u00e9rus des deux roues ont d\u00e9velopp\u00e9 leurs comp\u00e9tences pour devenir des managers au sein du projet.<\/p>\n<p>\u00ab\u00a0Chez Pikala Bikes, tout le monde travaille pour d\u00e9velopper ses comp\u00e9tences et avec les revenus des activit\u00e9s commerciales, on aide d\u2019autres personnes de la communaut\u00e9\u00a0\u00bb, explique Mme Bakker, soulignant qu\u2019\u00e0 \u00ab\u00a0Pikala Bikes\u00a0\u00bb, la bicyclette devient \u00ab\u00a0notre \u2018v\u00e9hicule\u00a0\u00bb pour cr\u00e9er un mouvement positif et contribuer au d\u00e9veloppement social\u00a0\u00bb.<\/p>\n<p>Dans ce sens, il convient de noter que \u00ab\u00a0Pikala Bikes\u00a0\u00bb a assur\u00e9 la formation\/emploi de 30 jeunes pour devenir des managers, des techniciens, des livreurs (livraison verte) et des accompagnateurs des touristes \u00e0 v\u00e9lo.<\/p>\n<p>Assur\u00e9e par des professionnels locaux et internationaux, cette formation comprend une initiation aux multiples techniques en rapport avec les v\u00e9los, outre le renforcement des comp\u00e9tences personnelles (d\u00e9veloppement personnel), la promotion de l\u2019entrepreneuriat chez les jeunes, ainsi que la programmation de cours en anglais et en \u00e9conomie.<\/p>\n<p>S\u2019agissant des services \u00e9co-touristiques, Mme Bakker n\u2019a pas manqu\u00e9 de s\u2019attarder sur un projet qui lui tient pleinement \u00e0 c\u0153ur \u00e0 savoir : \u00ab\u00a0Pikala Binatna\u00a0\u00bb. \u00ab\u00a0En partenariat avec l\u2019INDH, la commune de Marrakech, la commune Mechouar Kasbah et l\u2019association Grand Atlas, nous avons lanc\u00e9 le projet \u00e9co-touristique +Pikala Binatna+, dans la perspective de cr\u00e9er de l\u2019emploi en faveur des jeunes et encourager, ainsi, l\u2019\u00e9co-tourisme \u00e0 Marrakech\u00a0\u00bb, se rappelle-t-elle.<\/p>\n<p>Gr\u00e2ce aux jeunes qui ont d\u00e9velopp\u00e9 leurs comp\u00e9tences au sein du projet \u00ab\u00a0Pikala Bikes\u00a0\u00bb, l\u2019association offre une quinzaine d\u2019opportunit\u00e9s de stage annuellement, permettant aux jeunes marocains et \u00e9trangers de d\u00e9velopper et de consolider leurs exp\u00e9riences professionnelles.<\/p>\n<p>Par ailleurs, les jeunes de \u00ab\u00a0Pikala Bikes\u00a0\u00bb ont assur\u00e9 des cours d\u2019initiation au v\u00e9lo au profit de plus de 250 filles et femmes de Marrakech, en les encourageant \u00e0 utiliser la bicyclette comme moyen de d\u00e9placement s\u00fbr, s\u00e9curis\u00e9 et \u00e9co-friendly et ce, tout en leur apprenant les r\u00e8gles et principes du Code de la route \u00e0 respecter scrupuleusement.<\/p>\n<p>Dans le m\u00eame sillage et compte tenu de la mission de sensibilisation qui lui est d\u00e9volue, \u00ab\u00a0Pikala Bikes\u00a0\u00bb a initi\u00e9 des ateliers d\u00e9di\u00e9s \u00e0 la s\u00e9curit\u00e9 routi\u00e8re au profit de plus de 2.000 enfants.<\/p>\n<p>\u00ab\u00a0L\u2019\u00e9quipe de Pikala Bikes est tr\u00e8s diverse, ainsi que les b\u00e9n\u00e9ficiaires. Je suis vraiment touch\u00e9e de voir toute cette diversit\u00e9 qui travaille, c\u00f4te \u00e0 c\u00f4te, en toute symbiose en cr\u00e9ant une synergie positive pour r\u00e9aliser nos objectifs : des jeunes qui ont quitt\u00e9 les bancs de l\u2019\u00e9cole, des jeunes filles de l\u2019universit\u00e9, des \u00e9trangers, des experts issus du monde rural, des analphab\u00e8tes (en train d\u2019apprendre la langue arabe) et des enfants du quartier\u2026.\u00a0\u00bb, s\u2019est f\u00e9licit\u00e9 la fondatrice de ce projet.<\/p>\n<p>Pour r\u00e9ussir toutes ses initiatives, \u00ab\u00a0Pikala Bikes\u00a0\u00bb s\u2019est appuy\u00e9 sur des partenariats public\/priv\u00e9 pour \u00e9largir son impact et avoir un soutien d\u2019impl\u00e9mentation au niveau national, notamment gr\u00e2ce \u00e0 des collaborations avec le gouvernement (les autorit\u00e9s locales et les minist\u00e8res).<\/p>\n<p>Avec le priv\u00e9, ce projet citoyen cherche deux types de collaborations : commerciale (les entreprises qui voudraient utiliser ses services de livraison en bicyclettes, de l\u2019\u00e9co-tourisme ou de location de v\u00e9los) et sociale (bailleurs de fonds, subventions\u2026).<\/p>\n<p>Dans ce sens, elle s\u2019est f\u00e9licit\u00e9 du soutien de \u00ab\u00a0TUI Care Foundation\u00a0\u00bb, de l\u2019ambassade des Pays Bas et de l\u2019Organisation Mondiale du Tourisme, ainsi que des projets nationaux comme ESPOD, Henna Caf\u00e9, Amal Center for Women, le Centre National Mohammed VI des Handicap\u00e9s\u2026etc.<\/p>\n<p>Gr\u00e2ce \u00e0 ces collaborations, \u00ab\u00a0Pikala Bikes\u00a0\u00bb est en train de lancer des projets similaires dans d\u2019autres villes du Maroc notamment, \u00e0 Rabat, Essaouira, Agadir et \u00e0 Taroudant.<\/p>\n<p>\u00ab\u00a0Nous constatons qu\u2019il existe encore un grand potentiel pour la mobilit\u00e9 et la mobilisation des jeunes dans les grandes villes. Ainsi, \u00ab\u00a0Pikala Bikes\u00a0\u00bb travaille sur un concept de Student Bikes\u00a0\u00bb, explique Mme Bakker, ajoutant que des jeunes travaillent pour agrandir le service de livraison en v\u00e9lo B2B et B2C.<\/p>\n<p>Il s\u2019agit d\u2019un grand projet sur l\u2019espace public (inclusion), outre une campagne nationale sur la s\u00e9curit\u00e9 routi\u00e8re, a-t-elle enchain\u00e9.<\/p>\n<p>\u00ab\u00a0De grandes ambitions et beaucoup d\u2019\u00e9nergie\u2026 nous invitons tout le monde \u00e0 partager notre histoire et rejoindre notre projet : utiliser la bicyclette pour un mode de vie sain dans le but de cr\u00e9er des villes inclusives et durables\u00a0\u00bb, a conclu la jeune N\u00e9erlandaise, sur une lueur d\u2019enthousiasme et d\u2019espoir.<\/p>\n<p>Auteur: Meriem IGASS<br \/>\n<a href=\"http:\/\/www.mapmarrakech.ma\/fr\/le-velo-un-moyen-de-locomotion-au-service-du-developpement\/\">Cliquez ici pour lire l&rsquo;article depuis sa source.<\/a><\/p>\n","protected":false},"excerpt":{"rendered":"<p>Chez cette jeune N\u00e9erlandaise, Cantal Bakker, l\u2019id\u00e9e a germ\u00e9 lors de son premier s\u00e9jour \u00e0 Marrakech en 2015, quand elle a opt\u00e9 pour l\u2019utilisation d\u2019une bicyclette pour ses multiples d\u00e9placements dans diff\u00e9rents coins de la cit\u00e9 ocre. \u00ab\u00a0Une belle exp\u00e9rience, riche de beaux souvenirs, qui m\u2019a permis de d\u00e9couvrir le charme, l\u2019authenticit\u00e9 \u00e0 la splendeur [&hellip;]<\/p>\n","protected":false},"author":1788,"featured_media":0,"comment_status":"closed","ping_status":"closed","sticky":false,"template":"","format":"standard","meta":{"fifu_image_url":"","fifu_image_alt":"","footnotes":""},"categories":[54,76],"tags":[],"class_list":["post-116780","post","type-post","status-publish","format-standard","hentry","category-maroc","category-regions"],"_links":{"self":[{"href":"https:\/\/linitiative.ca\/International\/wp-json\/wp\/v2\/posts\/116780","targetHints":{"allow":["GET"]}}],"collection":[{"href":"https:\/\/linitiative.ca\/International\/wp-json\/wp\/v2\/posts"}],"about":[{"href":"https:\/\/linitiative.ca\/International\/wp-json\/wp\/v2\/types\/post"}],"author":[{"embeddable":true,"href":"https:\/\/linitiative.ca\/International\/wp-json\/wp\/v2\/users\/1788"}],"replies":[{"embeddable":true,"href":"https:\/\/linitiative.ca\/International\/wp-json\/wp\/v2\/comments?post=116780"}],"version-history":[{"count":0,"href":"https:\/\/linitiative.ca\/International\/wp-json\/wp\/v2\/posts\/116780\/revisions"}],"wp:attachment":[{"href":"https:\/\/linitiative.ca\/International\/wp-json\/wp\/v2\/media?parent=116780"}],"wp:term":[{"taxonomy":"category","embeddable":true,"href":"https:\/\/linitiative.ca\/International\/wp-json\/wp\/v2\/categories?post=116780"},{"taxonomy":"post_tag","embeddable":true,"href":"https:\/\/linitiative.ca\/International\/wp-json\/wp\/v2\/tags?post=116780"}],"curies":[{"name":"wp","href":"https:\/\/api.w.org\/{rel}","templated":true}]}}