{"id":116784,"date":"2021-05-15T13:51:24","date_gmt":"2021-05-15T17:51:24","guid":{"rendered":"https:\/\/linitiative.ca\/International\/entre-le-maroc-et-la-palestine-une-solidarite-a-toute-epreuve\/"},"modified":"2021-05-15T13:51:24","modified_gmt":"2021-05-15T17:51:24","slug":"entre-le-maroc-et-la-palestine-une-solidarite-a-toute-epreuve","status":"publish","type":"post","link":"https:\/\/linitiative.ca\/International\/entre-le-maroc-et-la-palestine-une-solidarite-a-toute-epreuve\/","title":{"rendered":"Entre le Maroc et la Palestine, une solidarit\u00e9 \u00e0 toute \u00e9preuve"},"content":{"rendered":"<div readability=\"37\">\n<p>L\u2019envoi d\u2019une aide humanitaire d\u2019urgence aux Palestiniens, sur Tr\u00e8s Hautes Instructions de SM le Roi Mohammed VI, Pr\u00e9sident du Comit\u00e9 Al-Qods, est un geste qui d\u00e9note l\u2019engagement royal concret et immuable en faveur de la cause palestinienne.<\/p>\n<\/div>\n<div readability=\"139\">\n<p>L\u2019acheminement de cette aide, constitu\u00e9e de 40 tonnes de produits alimentaires de premi\u00e8re n\u00e9cessit\u00e9, de m\u00e9dicaments de soins d\u2019urgence et de couvertures, est une fois de plus l\u2019expression \u00e9loquente de la solidarit\u00e9 sinc\u00e8re et perp\u00e9tuelle du Royaume avec le peuple palestinien.<\/p>\n<p>Acte \u00e0 forte charge symbolique, l\u2019initiative royale intervient alors que les agressions isra\u00e9liennes prennent de l\u2019ampleur dans les territoires palestiniens, en particulier \u00e0 Al-Qods Al-Charif, dans la bande de Gaza et en Cisjordanie occup\u00e9e.<\/p>\n<p>Elle a \u00e9t\u00e9 lanc\u00e9e dans le droit d\u2019une longue tradition de solidarit\u00e9 et une ligne de conduite consacr\u00e9e au plus haut niveau de l\u2019\u00c9tat, quelques jours apr\u00e8s la r\u00e9union des ministres arabes des Affaires \u00e9trang\u00e8res qui ont salu\u00e9 le r\u00f4le du Comit\u00e9 Al-Qods, pr\u00e9sid\u00e9 par SM le Roi, dans la protection de la ville sainte et en soutien \u00e0 la r\u00e9sistance du peuple palestinien, mettant en avant l\u2019importance des efforts d\u00e9ploy\u00e9s par l\u2019Agence Bayt Mal Al-Qods Acharif \u00e0 cet effet.<\/p>\n<p>Ce geste de c\u0153ur traduit la fibre humaniste et les pratiques humanitaires ancr\u00e9es dans l\u2019histoire du Royaume, dont la culture de partage et de g\u00e9n\u00e9rosit\u00e9 fait partie int\u00e9grante. Tr\u00e8s attentifs aux souffrances et drames des Palestiniens, les Marocains, sur Hautes instructions de SM le Roi, Amir Al-Mouminine, r\u00e9pondent chaque fois \u00e0 l\u2019appel de foi et de devoir en faveur du soutien de leurs fr\u00e8res dans la bande de Gaza, en Cisjordanie et \u00e0 Al-Qods occup\u00e9e.<\/p>\n<p>Fid\u00e8le au legs de ses illustres pr\u00e9d\u00e9cesseurs, le Souverain se porte ainsi garant de la p\u00e9rennisation de la tradition louable d\u2019\u00eatre constamment du c\u00f4t\u00e9 des Palestiniens, victimes d\u2019injustices<\/p>\n<p>Exp\u00e9di\u00e9e par des avions des Forces Arm\u00e9es Royales, l\u2019aide humanitaire marocaine vient rappeler \u00e9galement, si besoin est, le r\u00f4le pionnier et de premier plan que joue le Royaume dans la pr\u00e9servation de l\u2019identit\u00e9 d\u2019Al-Qods Acharif et dans la recherche d\u2019une solution pacifique au conflit.<\/p>\n<p>Le Maroc avait d\u00e9nonc\u00e9, dans les termes les plus fermes, les violences perp\u00e9tr\u00e9es dans les territoires palestiniens occup\u00e9s, et dont la poursuite ne m\u00e8ne qu\u2019\u00e0 creuser le foss\u00e9, renforcer les ranc\u0153urs et \u00e9loigner d\u2019autant les chances de paix dans la r\u00e9gion.<\/p>\n<p>Pla\u00e7ant la cause palestinienne au sommet de ses pr\u00e9occupations, le Royaume reste fid\u00e8le \u00e0 son attachement \u00e0 la r\u00e9alisation de la solution des deux \u00c9tats, vivant c\u00f4te-\u00e0-c\u00f4te dans la paix et la s\u00e9curit\u00e9, passant par la cr\u00e9ation d\u2019un \u00c9tat palestinien dans les fronti\u00e8res du 4 juin 1967, avec J\u00e9rusalem Est pour capitale.<\/p>\n<p>Les ministres arabes des Affaires \u00e9trang\u00e8res ont d\u00e9cid\u00e9 de mettre sur pied un comit\u00e9 minist\u00e9riel arabe, compos\u00e9 du Maroc, de la Palestine, de la Jordanie, de l\u2019\u00c9gypte, de l\u2019Arabie Saoudite et du Qatar, charg\u00e9 de s\u2019activer \u00e0 l\u2019international pour inciter les membres permanents du Conseil de s\u00e9curit\u00e9 et d\u2019autres pays influents \u00e0 prendre des actions concr\u00e8tes pour stopper les politiques et mesures isra\u00e9liennes ill\u00e9gales dans la ville d\u2019Al-Qods occup\u00e9e.<\/p>\n<p>Le Royaume avait r\u00e9it\u00e9r\u00e9 son rejet cat\u00e9gorique de toutes les violations et mesures unilat\u00e9rales affectant le statut juridique d\u2019Al-Qods Acharif et les droits l\u00e9gitimes du peuple palestinien fr\u00e8re \u00e0 r\u00e9aliser ses aspirations \u00e0 la libert\u00e9 et \u00e0 l\u2019ind\u00e9pendance.<\/p>\n<p>SM le Roi Mohammed VI, en Sa qualit\u00e9 de Pr\u00e9sident du Comit\u00e9 Al-Qods, continuera de d\u00e9fendre le statut sp\u00e9cial d\u2019Al-Qods et le respect de la libert\u00e9 de pratiquer les rites religieux pour les adeptes des trois religions monoth\u00e9istes, a affirm\u00e9 le ministre des Affaires \u00e9trang\u00e8res, de la coop\u00e9ration africaine et des MRE, Nasser Bourita, dans son intervention devant la r\u00e9union d\u2019urgence des chefs de la diplomatie arabes.<\/p>\n<p>\u00ab\u00a0Le Souverain ne m\u00e9nagera aucun effort pour prot\u00e9ger le caract\u00e8re islamique de la ville sainte, pr\u00e9server le caract\u00e8re sacr\u00e9 de la mosqu\u00e9e Al-Aqsa et d\u00e9fendre l\u2019identit\u00e9 historique de cette ville en tant que terre de coexistence entre les religions monoth\u00e9istes\u00a0\u00bb, a-t-il ajout\u00e9.<\/p>\n<p>Le ministre a, de surcro\u00eet, pass\u00e9 en revue les efforts d\u00e9ploy\u00e9s par l\u2019Agence Bayt Mal Al-Qods Acharif, sous les Hautes Orientations de SM le Roi, pour soutenir la r\u00e9sistance des Maqdissis, que ce soit par le biais de ses programmes annuels, ses projets ou de son aide humanitaire dans les domaines \u00e9ducatif, social et de sant\u00e9.<\/p>\n<\/div>\n<p>Auteur: Meriem IGASS<br \/>\n<a href=\"http:\/\/www.mapmarrakech.ma\/fr\/entre-le-maroc-et-la-palestine-une-solidarite-a-toute-epreuve\/\">Cliquez ici pour lire l&rsquo;article depuis sa source.<\/a><\/p>\n","protected":false},"excerpt":{"rendered":"<p>L\u2019envoi d\u2019une aide humanitaire d\u2019urgence aux Palestiniens, sur Tr\u00e8s Hautes Instructions de SM le Roi Mohammed VI, Pr\u00e9sident du Comit\u00e9 Al-Qods, est un geste qui d\u00e9note l\u2019engagement royal concret et immuable en faveur de la cause palestinienne. L\u2019acheminement de cette aide, constitu\u00e9e de 40 tonnes de produits alimentaires de premi\u00e8re n\u00e9cessit\u00e9, de m\u00e9dicaments de soins [&hellip;]<\/p>\n","protected":false},"author":1788,"featured_media":0,"comment_status":"closed","ping_status":"closed","sticky":false,"template":"","format":"standard","meta":{"fifu_image_url":"","fifu_image_alt":"","footnotes":""},"categories":[54,76],"tags":[],"class_list":["post-116784","post","type-post","status-publish","format-standard","hentry","category-maroc","category-regions"],"_links":{"self":[{"href":"https:\/\/linitiative.ca\/International\/wp-json\/wp\/v2\/posts\/116784","targetHints":{"allow":["GET"]}}],"collection":[{"href":"https:\/\/linitiative.ca\/International\/wp-json\/wp\/v2\/posts"}],"about":[{"href":"https:\/\/linitiative.ca\/International\/wp-json\/wp\/v2\/types\/post"}],"author":[{"embeddable":true,"href":"https:\/\/linitiative.ca\/International\/wp-json\/wp\/v2\/users\/1788"}],"replies":[{"embeddable":true,"href":"https:\/\/linitiative.ca\/International\/wp-json\/wp\/v2\/comments?post=116784"}],"version-history":[{"count":0,"href":"https:\/\/linitiative.ca\/International\/wp-json\/wp\/v2\/posts\/116784\/revisions"}],"wp:attachment":[{"href":"https:\/\/linitiative.ca\/International\/wp-json\/wp\/v2\/media?parent=116784"}],"wp:term":[{"taxonomy":"category","embeddable":true,"href":"https:\/\/linitiative.ca\/International\/wp-json\/wp\/v2\/categories?post=116784"},{"taxonomy":"post_tag","embeddable":true,"href":"https:\/\/linitiative.ca\/International\/wp-json\/wp\/v2\/tags?post=116784"}],"curies":[{"name":"wp","href":"https:\/\/api.w.org\/{rel}","templated":true}]}}