{"id":116787,"date":"2021-05-15T06:05:44","date_gmt":"2021-05-15T10:05:44","guid":{"rendered":"https:\/\/linitiative.ca\/International\/coupe-de-france-neymar-suspendu-pour-la-finale\/"},"modified":"2021-05-15T06:05:44","modified_gmt":"2021-05-15T10:05:44","slug":"coupe-de-france-neymar-suspendu-pour-la-finale","status":"publish","type":"post","link":"https:\/\/linitiative.ca\/International\/coupe-de-france-neymar-suspendu-pour-la-finale\/","title":{"rendered":"Coupe de France: Neymar suspendu pour la finale"},"content":{"rendered":"<p class=\"rtejustify\">L&rsquo;attaquant du Paris Saint Germain Neymar a \u00e9t\u00e9 suspendu pour la finale de la Coupe de France contre Monaco mercredi, par la commission de discipline de la F\u00e9d\u00e9ration fran\u00e7aise de football (FFF) qui s&rsquo;est r\u00e9unie vendredi.<\/p>\n<p class=\"rtejustify\">Le Br\u00e9silien a re\u00e7u un avertissement \u00e0 Montpellier (2-2, 6-5 a.p.) mercredi en demi-finale, qui a r\u00e9voqu\u00e9 le sursis d&rsquo;un match dont il a \u00e9cop\u00e9 d\u00e9but avril apr\u00e8s avoir re\u00e7u un carton rouge contre Lille en Championnat. Cette sanction prend effet le lundi 17 mai, soit deux jours avant la finale de la Coupe de France.<\/p>\n<p class=\"rtejustify\">\u00ab\u00a0Je voudrais comprendre la t\u00eate du gars qui a fait la r\u00e8gle des cartons en France! Celui-l\u00e0 m\u00e9rite d&rsquo;\u00eatre applaudi. Quelle confusion !\u00a0\u00bb, a r\u00e9agi l&rsquo;attaquant du PSG sur son compte Instagram. Le club parisien peut demander une conciliation aupr\u00e8s du Comit\u00e9 national olympique et sportif fran\u00e7ais (CNOSF), une d\u00e9marche susceptible de suspendre la d\u00e9cision de la FFF.<\/p>\n<p class=\"rtejustify\">L\u2019absence de Neymar en finale peut compromettre le PSG qui mise gros sur la Coupe de France pour sauver sa saison mitig\u00e9e. Marco Verratti (bless\u00e9) et Presnel Kimpembe (suspendu) manqueront \u00e9galement la finale de la Coupe.<\/p>\n<p class=\"rtejustify\">\u00a0<\/p>\n<p>Auteur: mbasraoui<br \/>\n<a href=\"https:\/\/www.leconomiste.com\/flash-infos\/coupe-de-france-neymar-suspendu-pour-la-finale\">Cliquez ici pour lire l&rsquo;article depuis sa source.<\/a><\/p>\n","protected":false},"excerpt":{"rendered":"<p>L&rsquo;attaquant du Paris Saint Germain Neymar a \u00e9t\u00e9 suspendu pour la finale de la Coupe de France contre Monaco mercredi, par la commission de discipline de la F\u00e9d\u00e9ration fran\u00e7aise de football (FFF) qui s&rsquo;est r\u00e9unie vendredi. Le Br\u00e9silien a re\u00e7u un avertissement \u00e0 Montpellier (2-2, 6-5 a.p.) mercredi en demi-finale, qui a r\u00e9voqu\u00e9 le sursis [&hellip;]<\/p>\n","protected":false},"author":1763,"featured_media":0,"comment_status":"closed","ping_status":"closed","sticky":false,"template":"","format":"standard","meta":{"fifu_image_url":"","fifu_image_alt":"","footnotes":""},"categories":[78,54],"tags":[],"class_list":["post-116787","post","type-post","status-publish","format-standard","hentry","category-economie","category-maroc"],"_links":{"self":[{"href":"https:\/\/linitiative.ca\/International\/wp-json\/wp\/v2\/posts\/116787","targetHints":{"allow":["GET"]}}],"collection":[{"href":"https:\/\/linitiative.ca\/International\/wp-json\/wp\/v2\/posts"}],"about":[{"href":"https:\/\/linitiative.ca\/International\/wp-json\/wp\/v2\/types\/post"}],"author":[{"embeddable":true,"href":"https:\/\/linitiative.ca\/International\/wp-json\/wp\/v2\/users\/1763"}],"replies":[{"embeddable":true,"href":"https:\/\/linitiative.ca\/International\/wp-json\/wp\/v2\/comments?post=116787"}],"version-history":[{"count":0,"href":"https:\/\/linitiative.ca\/International\/wp-json\/wp\/v2\/posts\/116787\/revisions"}],"wp:attachment":[{"href":"https:\/\/linitiative.ca\/International\/wp-json\/wp\/v2\/media?parent=116787"}],"wp:term":[{"taxonomy":"category","embeddable":true,"href":"https:\/\/linitiative.ca\/International\/wp-json\/wp\/v2\/categories?post=116787"},{"taxonomy":"post_tag","embeddable":true,"href":"https:\/\/linitiative.ca\/International\/wp-json\/wp\/v2\/tags?post=116787"}],"curies":[{"name":"wp","href":"https:\/\/api.w.org\/{rel}","templated":true}]}}