{"id":116788,"date":"2021-05-15T08:09:21","date_gmt":"2021-05-15T12:09:21","guid":{"rendered":"https:\/\/linitiative.ca\/International\/retour-a-gmt1-au-maroc\/"},"modified":"2021-05-15T08:09:21","modified_gmt":"2021-05-15T12:09:21","slug":"retour-a-gmt1-au-maroc","status":"publish","type":"post","link":"https:\/\/linitiative.ca\/International\/retour-a-gmt1-au-maroc\/","title":{"rendered":"Retour \u00e0 GMT+1 au Maroc"},"content":{"rendered":"<p class=\"rtejustify\">Le Royaume du Maroc va repasser \u00e0 GMT+1 le dimanche 16 mai \u00e0 02H00. Les citoyens marocains sont appel\u00e9s \u00e0 avancer de 60 minutes leurs horloges dimanche \u00e0 02h00.<\/p>\n<p class=\"rtejustify\">Le minist\u00e8re de l&rsquo;\u00c9conomie, des finances et de la r\u00e9forme de l&rsquo;administration avait annonc\u00e9 qu\u2019\u00e0 l\u2019occasion du mois sacr\u00e9 de Ramadan, le Maroc va repasser \u00e0 l\u2019heure l\u00e9gale GMT le dimanche 11 avril \u00e0 03H00, en retardant l\u2019heure de 60 minutes. Apr\u00e8s le mois de Ramadan, l&rsquo;heure l\u00e9gale du Royaume sera avanc\u00e9e de 60 minutes (GMT+1) le dimanche 16 mai 2021 \u00e0 02h00, avait indiqu\u00e9 le minist\u00e8re.<\/p>\n<p class=\"rtejustify\">Cette mesure intervient en application de l\u2019article 2 du d\u00e9cret n\u00b0 2.18.855, publi\u00e9 le 16 Safar 1440 (26 octobre 2018), relatif \u00e0 l\u2019heure l\u00e9gale et \u00e0 l\u2019arr\u00eat\u00e9 du Chef du gouvernement n\u00b0 3.17.21 publi\u00e9 le 16 Cha\u00e2bane 1442 (30 mars 2021) concernant l\u2019heure l\u00e9gale.<\/p>\n<p class=\"rtejustify\">\u00a0<\/p>\n<p>Auteur: mbasraoui<br \/>\n<a href=\"https:\/\/www.leconomiste.com\/flash-infos\/retour-gmt1-au-maroc-0\">Cliquez ici pour lire l&rsquo;article depuis sa source.<\/a><\/p>\n","protected":false},"excerpt":{"rendered":"<p>Le Royaume du Maroc va repasser \u00e0 GMT+1 le dimanche 16 mai \u00e0 02H00. Les citoyens marocains sont appel\u00e9s \u00e0 avancer de 60 minutes leurs horloges dimanche \u00e0 02h00. Le minist\u00e8re de l&rsquo;\u00c9conomie, des finances et de la r\u00e9forme de l&rsquo;administration avait annonc\u00e9 qu\u2019\u00e0 l\u2019occasion du mois sacr\u00e9 de Ramadan, le Maroc va repasser \u00e0 [&hellip;]<\/p>\n","protected":false},"author":1763,"featured_media":0,"comment_status":"closed","ping_status":"closed","sticky":false,"template":"","format":"standard","meta":{"fifu_image_url":"","fifu_image_alt":"","footnotes":""},"categories":[78,54],"tags":[],"class_list":["post-116788","post","type-post","status-publish","format-standard","hentry","category-economie","category-maroc"],"_links":{"self":[{"href":"https:\/\/linitiative.ca\/International\/wp-json\/wp\/v2\/posts\/116788","targetHints":{"allow":["GET"]}}],"collection":[{"href":"https:\/\/linitiative.ca\/International\/wp-json\/wp\/v2\/posts"}],"about":[{"href":"https:\/\/linitiative.ca\/International\/wp-json\/wp\/v2\/types\/post"}],"author":[{"embeddable":true,"href":"https:\/\/linitiative.ca\/International\/wp-json\/wp\/v2\/users\/1763"}],"replies":[{"embeddable":true,"href":"https:\/\/linitiative.ca\/International\/wp-json\/wp\/v2\/comments?post=116788"}],"version-history":[{"count":0,"href":"https:\/\/linitiative.ca\/International\/wp-json\/wp\/v2\/posts\/116788\/revisions"}],"wp:attachment":[{"href":"https:\/\/linitiative.ca\/International\/wp-json\/wp\/v2\/media?parent=116788"}],"wp:term":[{"taxonomy":"category","embeddable":true,"href":"https:\/\/linitiative.ca\/International\/wp-json\/wp\/v2\/categories?post=116788"},{"taxonomy":"post_tag","embeddable":true,"href":"https:\/\/linitiative.ca\/International\/wp-json\/wp\/v2\/tags?post=116788"}],"curies":[{"name":"wp","href":"https:\/\/api.w.org\/{rel}","templated":true}]}}