{"id":116790,"date":"2021-05-15T15:14:01","date_gmt":"2021-05-15T19:14:01","guid":{"rendered":"https:\/\/linitiative.ca\/International\/afrique-herve-renard-revient-sur-son-experience-de-selectionneur-du-maroc\/"},"modified":"2021-05-15T15:14:01","modified_gmt":"2021-05-15T19:14:01","slug":"afrique-herve-renard-revient-sur-son-experience-de-selectionneur-du-maroc","status":"publish","type":"post","link":"https:\/\/linitiative.ca\/International\/afrique-herve-renard-revient-sur-son-experience-de-selectionneur-du-maroc\/","title":{"rendered":"Afrique : Herv\u00e9 Renard revient sur son exp\u00e9rience de s\u00e9lectionneur du Maroc"},"content":{"rendered":"<div readability=\"32\">\n<p>Auteur : <span class=\"time\">samedi 15 mai 2021 13:27<\/span><\/p>\n<\/div>\n<div id=\"post_core\" readability=\"47\">\n<p>L&rsquo;entraineur fran\u00e7ais a en tout cas \u00e9t\u00e9 agr\u00e9ablement surpris par l\u2019\u00e9tat d\u2019esprit qui r\u00e8gne au sein d\u2019un vestiaire souvent pr\u00e9sent\u00e9 comme divis\u00e9.<\/p>\n<p>\u00ab\u00a0Quand je suis arriv\u00e9 au Maroc, on m\u2019a promis quelque part l\u2019enfer. \u2018Attention, les joueurs, il y a beaucoup de clans, c\u2019est difficile\u2019. Mais je n\u2019ai pas tellement ressenti \u00e7a, j\u2019ai ressenti des joueurs concern\u00e9s et avec un \u00e9tat d\u2019esprit remarquable, un capitaine Mehdi Benatia qui a \u00e9t\u00e9 sublime dans sa fonction sur le terrain et avec ses co\u00e9quipiers. Il faudrait tous les citer parce qu\u2019ils le m\u00e9ritent tous\u00a0\u00bb, a encens\u00e9 le technicien au micro de la cha\u00eene qatarie Al Kass et comme rapport\u00e9 par Afrik-foot.<\/p>\n<p><strong>Publi\u00e9 dans :<\/strong> <span>Herv\u00e9 renard<\/span><\/p>\n<\/div>\n<p>Auteur:<br \/>\n<a href=\"http:\/\/www.lebuteur.com\/article\/detail?titre=herve-renard-revient-sur-son-experience-de-selectionneur-du-maroc&#038;id=100059&#038;utm_source=feedburner&#038;utm_medium=feed&#038;utm_campaign=Feed%3A+GalerieFArtciles+%28Les+derniers+articles++-+lebuteur.com%29\">Cliquez ici pour lire l&rsquo;article depuis sa source.<\/a><\/p>\n","protected":false},"excerpt":{"rendered":"<p>Auteur : samedi 15 mai 2021 13:27 L&rsquo;entraineur fran\u00e7ais a en tout cas \u00e9t\u00e9 agr\u00e9ablement surpris par l\u2019\u00e9tat d\u2019esprit qui r\u00e8gne au sein d\u2019un vestiaire souvent pr\u00e9sent\u00e9 comme divis\u00e9. \u00ab\u00a0Quand je suis arriv\u00e9 au Maroc, on m\u2019a promis quelque part l\u2019enfer. \u2018Attention, les joueurs, il y a beaucoup de clans, c\u2019est difficile\u2019. Mais je n\u2019ai [&hellip;]<\/p>\n","protected":false},"author":1738,"featured_media":0,"comment_status":"closed","ping_status":"closed","sticky":false,"template":"","format":"standard","meta":{"fifu_image_url":"\/\/cdn.lebuteur.com\/data\/images\/article\/thumbs\/large-herve-renard-revient-sur-son-experience-de-selectionneur-du-maroc-e8c17.jpg","fifu_image_alt":"Afrique : Herv\u00e9 Renard revient sur son exp\u00e9rience de s\u00e9lectionneur du Maroc","footnotes":""},"categories":[53,75],"tags":[],"class_list":["post-116790","post","type-post","status-publish","format-standard","hentry","category-algerie","category-sport"],"_links":{"self":[{"href":"https:\/\/linitiative.ca\/International\/wp-json\/wp\/v2\/posts\/116790","targetHints":{"allow":["GET"]}}],"collection":[{"href":"https:\/\/linitiative.ca\/International\/wp-json\/wp\/v2\/posts"}],"about":[{"href":"https:\/\/linitiative.ca\/International\/wp-json\/wp\/v2\/types\/post"}],"author":[{"embeddable":true,"href":"https:\/\/linitiative.ca\/International\/wp-json\/wp\/v2\/users\/1738"}],"replies":[{"embeddable":true,"href":"https:\/\/linitiative.ca\/International\/wp-json\/wp\/v2\/comments?post=116790"}],"version-history":[{"count":0,"href":"https:\/\/linitiative.ca\/International\/wp-json\/wp\/v2\/posts\/116790\/revisions"}],"wp:attachment":[{"href":"https:\/\/linitiative.ca\/International\/wp-json\/wp\/v2\/media?parent=116790"}],"wp:term":[{"taxonomy":"category","embeddable":true,"href":"https:\/\/linitiative.ca\/International\/wp-json\/wp\/v2\/categories?post=116790"},{"taxonomy":"post_tag","embeddable":true,"href":"https:\/\/linitiative.ca\/International\/wp-json\/wp\/v2\/tags?post=116790"}],"curies":[{"name":"wp","href":"https:\/\/api.w.org\/{rel}","templated":true}]}}