{"id":116791,"date":"2021-05-15T15:14:03","date_gmt":"2021-05-15T19:14:03","guid":{"rendered":"https:\/\/linitiative.ca\/International\/international-suede-ibrahimovic-manquera-finalement-leuro\/"},"modified":"2021-05-15T15:14:03","modified_gmt":"2021-05-15T19:14:03","slug":"international-suede-ibrahimovic-manquera-finalement-leuro","status":"publish","type":"post","link":"https:\/\/linitiative.ca\/International\/international-suede-ibrahimovic-manquera-finalement-leuro\/","title":{"rendered":"International : Su\u00e8de : Ibrahimovic manquera finalement l&rsquo;Euro"},"content":{"rendered":"<div readability=\"32\">\n<p>Auteur : <span class=\"time\">samedi 15 mai 2021 15:00<\/span><\/p>\n<\/div>\n<div id=\"post_core\" readability=\"41\">\n<p>Indisponible pour une dur\u00e9e de \u00absix semaines\u00bb , d&rsquo;apr\u00e8s Maxifoot, l&rsquo;avant-centre su\u00e9dois a d\u00fb se r\u00e9soudre \u00e0 d\u00e9clarer forfait pour le prochain tournoi europ\u00e9en qui d\u00e9butera le 11 juin prochain. \u00abAujourd&rsquo;hui, Zlatan a inform\u00e9 Janne Andersson que sa blessure l&#8217;emp\u00eacherait de participer aux Championnats d&rsquo;Europe cet \u00e9t\u00e9, indique un communiqu\u00e9 de la f\u00e9d\u00e9ration su\u00e9doise. \u00bb\u00a0<\/p>\n<p><strong>Publi\u00e9 dans :<\/strong> <span>Ibrahimovic<\/span> <span>Euro 2021<\/span><\/p>\n<\/div>\n<p>Auteur:<br \/>\n<a href=\"http:\/\/www.lebuteur.com\/article\/detail?titre=suede-ibrahimovic-manquera-finalement-leuro&#038;id=100060&#038;utm_source=feedburner&#038;utm_medium=feed&#038;utm_campaign=Feed%3A+GalerieFArtciles+%28Les+derniers+articles++-+lebuteur.com%29\">Cliquez ici pour lire l&rsquo;article depuis sa source.<\/a><\/p>\n","protected":false},"excerpt":{"rendered":"<p>Auteur : samedi 15 mai 2021 15:00 Indisponible pour une dur\u00e9e de \u00absix semaines\u00bb , d&rsquo;apr\u00e8s Maxifoot, l&rsquo;avant-centre su\u00e9dois a d\u00fb se r\u00e9soudre \u00e0 d\u00e9clarer forfait pour le prochain tournoi europ\u00e9en qui d\u00e9butera le 11 juin prochain. \u00abAujourd&rsquo;hui, Zlatan a inform\u00e9 Janne Andersson que sa blessure l&#8217;emp\u00eacherait de participer aux Championnats d&rsquo;Europe cet \u00e9t\u00e9, indique [&hellip;]<\/p>\n","protected":false},"author":1738,"featured_media":0,"comment_status":"closed","ping_status":"closed","sticky":false,"template":"","format":"standard","meta":{"fifu_image_url":"\/\/cdn.lebuteur.com\/data\/images\/article\/thumbs\/large-suede-ibrahimovic-manquera-finalement-leuro-7696a.jpg","fifu_image_alt":"International : Su\u00e8de : Ibrahimovic manquera finalement l'Euro","footnotes":""},"categories":[53,75],"tags":[],"class_list":["post-116791","post","type-post","status-publish","format-standard","hentry","category-algerie","category-sport"],"_links":{"self":[{"href":"https:\/\/linitiative.ca\/International\/wp-json\/wp\/v2\/posts\/116791","targetHints":{"allow":["GET"]}}],"collection":[{"href":"https:\/\/linitiative.ca\/International\/wp-json\/wp\/v2\/posts"}],"about":[{"href":"https:\/\/linitiative.ca\/International\/wp-json\/wp\/v2\/types\/post"}],"author":[{"embeddable":true,"href":"https:\/\/linitiative.ca\/International\/wp-json\/wp\/v2\/users\/1738"}],"replies":[{"embeddable":true,"href":"https:\/\/linitiative.ca\/International\/wp-json\/wp\/v2\/comments?post=116791"}],"version-history":[{"count":0,"href":"https:\/\/linitiative.ca\/International\/wp-json\/wp\/v2\/posts\/116791\/revisions"}],"wp:attachment":[{"href":"https:\/\/linitiative.ca\/International\/wp-json\/wp\/v2\/media?parent=116791"}],"wp:term":[{"taxonomy":"category","embeddable":true,"href":"https:\/\/linitiative.ca\/International\/wp-json\/wp\/v2\/categories?post=116791"},{"taxonomy":"post_tag","embeddable":true,"href":"https:\/\/linitiative.ca\/International\/wp-json\/wp\/v2\/tags?post=116791"}],"curies":[{"name":"wp","href":"https:\/\/api.w.org\/{rel}","templated":true}]}}