{"id":116795,"date":"2021-05-15T12:53:33","date_gmt":"2021-05-15T16:53:33","guid":{"rendered":"https:\/\/linitiative.ca\/International\/garde-a-vue-de-kenza-khattou-radio-m-reagit\/"},"modified":"2021-05-15T12:53:33","modified_gmt":"2021-05-15T16:53:33","slug":"garde-a-vue-de-kenza-khattou-radio-m-reagit","status":"publish","type":"post","link":"https:\/\/linitiative.ca\/International\/garde-a-vue-de-kenza-khattou-radio-m-reagit\/","title":{"rendered":"Garde \u00e0 vue de Kenza Khattou : Radio M r\u00e9agit"},"content":{"rendered":"<h4 class=\"title-14\"\/>\n<div class=\"featured_image\"><img loading=\"lazy\" decoding=\"async\" width=\"611\" height=\"409\" src=\"https:\/\/www.elwatan.com\/wp-content\/uploads\/2021\/05\/Kenza-Khattou-e1621097788756.jpg\" class=\"attachment-post-thumbnail size-post-thumbnail wp-post-image\" alt=\"\" srcset=\"https:\/\/www.elwatan.com\/wp-content\/uploads\/2021\/05\/Kenza-Khattou-e1621097788756.jpg 611w, https:\/\/www.elwatan.com\/wp-content\/uploads\/2021\/05\/Kenza-Khattou-e1621097788756-300x201.jpg 300w\" sizes=\"auto, (max-width: 611px) 100vw, 611px\"\/> <span class=\"featured-image-caption\">Photo : D. R.<\/span><\/div>\n<p><em><strong>Radio M a r\u00e9agit, aujourd\u2019hui samedi 15 mai au placement, hier, en garde \u00e0 vue de la journaliste Kenza Khattou. Voici le contenu du communiqu\u00e9 :<\/strong><\/em><\/p>\n<p>\u00abLa journaliste Kenza Khattou, de la rubrique politique de Radio M a \u00e9t\u00e9 brutalement interpell\u00e9e par les forces de police ce vendredi 14 mai \u00e0 13 h 30 \u00e0 Alger centre alors qu\u2019elle assurait, comme chaque semaine, la couverture des marches populaires du Hirak. Quinze autres journalistes et photographes dont Lynda Abbou de Radio M, Khaled Drareni pr\u00e9sentateur du CPP de RadioM et Sidahmed Belouchrani , photographe de ( Radio M et Maghreb Emergent ), ont \u00e9t\u00e9 interpell\u00e9s \u00e0 plusieurs reprises durant cette journ\u00e9e pour finalement \u00eatre retenus plusieurs heures et lib\u00e9r\u00e9s pour les derniers, aux abords du couvre feu. Kenza Khattou a subi d\u2019un traitement sp\u00e9cial. Elle a \u00e9t\u00e9 transf\u00e9r\u00e9e dans une voiture banalis\u00e9e et gard\u00e9e au secret toute la journ\u00e9e. Le procureur de la r\u00e9publique a jug\u00e9 n\u00e9cessaire de la maintenir en garde \u00e0 vue, en perspective de sa pr\u00e9sentation au parquet ce dimanche 16 mai. Rien ne peut justifier cette grave d\u00e9cision. Kenza Khattou a \u00e9t\u00e9 arr\u00eat\u00e9e dans l\u2019exercice de sa mission de journaliste. Elle a \u00e9t\u00e9 victime de brutalit\u00e9s au moment de son interpellation \u00e0 proximit\u00e9 de la station de m\u00e9tro Tafourah sur le parcours habituel des marches du vendredi. Comment expliquer cet acharnement sur cette journaliste en particulier si ce n\u2019est pour justifier \u00e0 posteriori, le traitement d\u00e9gradant qu\u2019elle a du subir au moment de son interpellation ? Nous ne disposons pas d\u2019\u00e9l\u00e9ments sur les raisons pour lesquelles Kenza Khattou a \u00e9t\u00e9 plac\u00e9e en garde \u00e0 vue. Nous refusons de penser \u00e0 ce stade de cette affaire, que cet acharnement est li\u00e9 \u00e0 son appartenance \u00e0 la r\u00e9daction de RadioM, m\u00e9dia \u00e9lectronique cible de pressions multiformes pour le pousser \u00e0 abandonner son positionnement \u00e9ditorial ind\u00e9pendant, sa couverture du Hirak et de toutes les actualit\u00e9s, et son offre d\u2019espace de d\u00e9bats politiques libres. Ce serait, dans ce cas l\u00e0, une circonstance aggravante de cette violation du droit qui fait qu\u2019une journaliste qui offre toutes les garanties \u00e0 la justice est priv\u00e9e de sa libert\u00e9, dans une affaire li\u00e9e \u00e0 l\u2019exercice de sa profession. La direction de Radio M est en relation avec le collectif des avocats en d\u00e9fense des d\u00e9tenus d\u2019opinion, afin d\u2019assurer la d\u00e9fense qu\u2019il convient de Kenza Khattou. Me Zoubida Assoul s\u2019est rendue au lieu de la garde \u00e0 vue, d\u00e9voil\u00e9 aujourd\u2019hui, et s\u2019est vu refuser le droit de visite avant la fin des 48 heures, de m\u00eame que les membres de la famille de Kenza. Radio M se tient avec l\u2019ensemble des \u00e9quipes r\u00e9dactionnelles et les confr\u00e8res de la presse, mobilis\u00e9e pour la lib\u00e9ration de Kenza Khattou et pour le r\u00e9tablissement de la libert\u00e9 d\u2019exercice du journalisme, bafou\u00e9 \u00e9galement par l\u2019incarc\u00e9ration du journaliste de Libert\u00e9 Rabah Kareche \u00e0 Tamanrasset. L\u2019intimidation et le harc\u00e8lement des journalistes n\u2019emp\u00eachera pas les images des alg\u00e9riens en marche de continuer \u00e0 t\u00e9moigner de ce qui se d\u00e9roule dans l\u2019espace public. Il est temps que cette d\u00e9rive qui vise \u00e0 b\u00e2illonner par les pires recours, les journalistes, cesse et que la raison du droit revienne. Kenza Khettou n\u2019est pas une criminelle et n\u2019a rien \u00e0 faire dans un commissariat de police durant 48 heures. Lib\u00e9rez la.\u00bb<\/p>\n<p><span class=\"post-views-label\">Post Views:<\/span> <span class=\"post-views-count\">1\u00a0057<\/span><\/p>\n<p><br class=\"c2\"\/><\/p>\n<div class=\"ichhar-moneytagnative c5\" id=\"ichhar-328776711\">\n<p>Advertisements<\/p>\n<\/div>\n<p><br class=\"c2\"\/><br \/>\n<br class=\"c6\"\/><\/p>\n<p>Auteur: Mohand Yahiaoui<br \/>\n<a href=\"https:\/\/www.elwatan.com\/edition\/actualite\/garde-a-vue-de-kenza-khattou-radio-m-reagit-15-05-2021\">Cliquez ici pour lire l&rsquo;article depuis sa source.<\/a><\/p>\n","protected":false},"excerpt":{"rendered":"<p>Photo : D. R. Radio M a r\u00e9agit, aujourd\u2019hui samedi 15 mai au placement, hier, en garde \u00e0 vue de la journaliste Kenza Khattou. Voici le contenu du communiqu\u00e9 : \u00abLa journaliste Kenza Khattou, de la rubrique politique de Radio M a \u00e9t\u00e9 brutalement interpell\u00e9e par les forces de police ce vendredi 14 mai \u00e0 [&hellip;]<\/p>\n","protected":false},"author":1743,"featured_media":0,"comment_status":"closed","ping_status":"closed","sticky":false,"template":"","format":"standard","meta":{"fifu_image_url":"https:\/\/www.elwatan.com\/wp-content\/uploads\/2021\/05\/Kenza-Khattou-e1621097788756.jpg","fifu_image_alt":"Garde \u00e0 vue de Kenza Khattou : Radio M r\u00e9agit","footnotes":""},"categories":[73,53],"tags":[],"class_list":["post-116795","post","type-post","status-publish","format-standard","hentry","category-actualite","category-algerie"],"_links":{"self":[{"href":"https:\/\/linitiative.ca\/International\/wp-json\/wp\/v2\/posts\/116795","targetHints":{"allow":["GET"]}}],"collection":[{"href":"https:\/\/linitiative.ca\/International\/wp-json\/wp\/v2\/posts"}],"about":[{"href":"https:\/\/linitiative.ca\/International\/wp-json\/wp\/v2\/types\/post"}],"author":[{"embeddable":true,"href":"https:\/\/linitiative.ca\/International\/wp-json\/wp\/v2\/users\/1743"}],"replies":[{"embeddable":true,"href":"https:\/\/linitiative.ca\/International\/wp-json\/wp\/v2\/comments?post=116795"}],"version-history":[{"count":0,"href":"https:\/\/linitiative.ca\/International\/wp-json\/wp\/v2\/posts\/116795\/revisions"}],"wp:attachment":[{"href":"https:\/\/linitiative.ca\/International\/wp-json\/wp\/v2\/media?parent=116795"}],"wp:term":[{"taxonomy":"category","embeddable":true,"href":"https:\/\/linitiative.ca\/International\/wp-json\/wp\/v2\/categories?post=116795"},{"taxonomy":"post_tag","embeddable":true,"href":"https:\/\/linitiative.ca\/International\/wp-json\/wp\/v2\/tags?post=116795"}],"curies":[{"name":"wp","href":"https:\/\/api.w.org\/{rel}","templated":true}]}}