{"id":116796,"date":"2021-05-15T16:00:56","date_gmt":"2021-05-15T20:00:56","guid":{"rendered":"https:\/\/linitiative.ca\/International\/covid-19-louverture-des-frontieres-a-partir-du-mois-de-juin\/"},"modified":"2021-05-15T16:00:56","modified_gmt":"2021-05-15T20:00:56","slug":"covid-19-louverture-des-frontieres-a-partir-du-mois-de-juin","status":"publish","type":"post","link":"https:\/\/linitiative.ca\/International\/covid-19-louverture-des-frontieres-a-partir-du-mois-de-juin\/","title":{"rendered":"Covid-19 : L\u2019ouverture des fronti\u00e8res \u00e0 partir du mois de juin"},"content":{"rendered":"<h4 class=\"title-14\"\/>\n<div class=\"featured_image\"><img loading=\"lazy\" decoding=\"async\" width=\"1024\" height=\"768\" src=\"https:\/\/www.elwatan.com\/wp-content\/uploads\/2021\/05\/A\u00e9roport-Alger.jpg\" class=\"attachment-post-thumbnail size-post-thumbnail wp-post-image\" alt=\"\" srcset=\"https:\/\/www.elwatan.com\/wp-content\/uploads\/2021\/05\/A\u00e9roport-Alger.jpg 1024w, https:\/\/www.elwatan.com\/wp-content\/uploads\/2021\/05\/A\u00e9roport-Alger-300x225.jpg 300w, https:\/\/www.elwatan.com\/wp-content\/uploads\/2021\/05\/A\u00e9roport-Alger-768x576.jpg 768w\" sizes=\"auto, (max-width: 1024px) 100vw, 1024px\"\/> <span class=\"featured-image-caption\">Photo : D. R.<\/span><\/div>\n<p><strong><em>L\u2019ouverture des fronti\u00e8res se fera probablement \u00e0 partir du mois de juin. Selon nos informations, une r\u00e9union a regroup\u00e9 aujourd\u2019hui samedi 15 mai les membres du comit\u00e9 scientifique de Suivi de l\u2019Evolution de la Pand\u00e9mie du Coronavirus COVID-19, pr\u00e9sid\u00e9e par le premier ministre, Abdelaziz Djerad, \u00e0 laquelle ont pris part \u00e9galement des membres du haut conseil de s\u00e9curit\u00e9.<\/em><\/strong><\/p>\n<p>Une rencontre qui s\u2019est tenue donc \u00e0 la veille du Conseil des ministres qui se tiendra, demain, sous la pr\u00e9sidence du Pr\u00e9sident de la R\u00e9publique, Abdelmadjid Tebboune, et durant laquelle sera \u00e9voqu\u00e9e cette question, comme \u00e7a a \u00e9t\u00e9 indiqu\u00e9 aujourd\u2019hui dans un communiqu\u00e9.<\/p>\n<p>L\u2019option choisie est apparemment une ouverture progressive \u00e0 partir du mois de juin, c\u2019est-\u00e0-dire dans deux semaines. Les plus hautes autorit\u00e9s sont donc favorables aux orientations \u00e9mises par les membres du comit\u00e9 scientifique, en tenant compte bien entendu de la situation \u00e9pid\u00e9mique, qui est pour l\u2019instant \u00ab\u00a0stable\u00a0\u00bb selon la m\u00eame source.<\/p>\n<p>Cette ouverture se fera n\u00e9anmoins dans le cadre de mesures \u00ab\u00a0tr\u00e8s strictes\u00a0\u00bb, comme l\u2019avait indiqu\u00e9 le ministre de la Sant\u00e9, Abderrahmane Benbouzid, jeudi 13 mai dernier.<\/p>\n<p><em>\u00abLes personnes entrant en Alg\u00e9rie, ressortissants ou \u00e9trangers, devront pr\u00e9senter, \u00e0 leur arriv\u00e9e, un test PCR de moins de 36 heures, et se soumettre \u00e0 des tests que nous estimons fiables\u00bb<\/em>, avait-il d\u00e9clar\u00e9.<\/p>\n<p><span class=\"post-views-label\">Post Views:<\/span> <span class=\"post-views-count\">1\u00a0346<\/span><\/p>\n<p><br class=\"c2\"\/><\/p>\n<div class=\"ichhar-moneytagnative c5\" id=\"ichhar-375543604\">\n<p>Advertisements<\/p>\n<\/div>\n<p><br class=\"c2\"\/><br \/>\n<br class=\"c6\"\/><\/p>\n<p>Auteur: Mohand Yahiaoui<br \/>\n<a href=\"https:\/\/www.elwatan.com\/edition\/actualite\/covid-19-louverture-des-frontieres-a-partir-du-mois-de-juin-15-05-2021\">Cliquez ici pour lire l&rsquo;article depuis sa source.<\/a><\/p>\n","protected":false},"excerpt":{"rendered":"<p>Photo : D. R. L\u2019ouverture des fronti\u00e8res se fera probablement \u00e0 partir du mois de juin. Selon nos informations, une r\u00e9union a regroup\u00e9 aujourd\u2019hui samedi 15 mai les membres du comit\u00e9 scientifique de Suivi de l\u2019Evolution de la Pand\u00e9mie du Coronavirus COVID-19, pr\u00e9sid\u00e9e par le premier ministre, Abdelaziz Djerad, \u00e0 laquelle ont pris part \u00e9galement [&hellip;]<\/p>\n","protected":false},"author":1743,"featured_media":0,"comment_status":"closed","ping_status":"closed","sticky":false,"template":"","format":"standard","meta":{"fifu_image_url":"https:\/\/www.elwatan.com\/wp-content\/uploads\/2021\/05\/A\u00e9roport-Alger.jpg","fifu_image_alt":"Covid-19 : L\u2019ouverture des fronti\u00e8res \u00e0 partir du mois de juin","footnotes":""},"categories":[73,53],"tags":[],"class_list":["post-116796","post","type-post","status-publish","format-standard","hentry","category-actualite","category-algerie"],"_links":{"self":[{"href":"https:\/\/linitiative.ca\/International\/wp-json\/wp\/v2\/posts\/116796","targetHints":{"allow":["GET"]}}],"collection":[{"href":"https:\/\/linitiative.ca\/International\/wp-json\/wp\/v2\/posts"}],"about":[{"href":"https:\/\/linitiative.ca\/International\/wp-json\/wp\/v2\/types\/post"}],"author":[{"embeddable":true,"href":"https:\/\/linitiative.ca\/International\/wp-json\/wp\/v2\/users\/1743"}],"replies":[{"embeddable":true,"href":"https:\/\/linitiative.ca\/International\/wp-json\/wp\/v2\/comments?post=116796"}],"version-history":[{"count":0,"href":"https:\/\/linitiative.ca\/International\/wp-json\/wp\/v2\/posts\/116796\/revisions"}],"wp:attachment":[{"href":"https:\/\/linitiative.ca\/International\/wp-json\/wp\/v2\/media?parent=116796"}],"wp:term":[{"taxonomy":"category","embeddable":true,"href":"https:\/\/linitiative.ca\/International\/wp-json\/wp\/v2\/categories?post=116796"},{"taxonomy":"post_tag","embeddable":true,"href":"https:\/\/linitiative.ca\/International\/wp-json\/wp\/v2\/tags?post=116796"}],"curies":[{"name":"wp","href":"https:\/\/api.w.org\/{rel}","templated":true}]}}