{"id":116800,"date":"2021-05-15T17:12:10","date_gmt":"2021-05-15T21:12:10","guid":{"rendered":"https:\/\/linitiative.ca\/International\/ligue-2-francaise-ali-abdi-et-paris-fc-peuvent-rever-a-la-l1\/"},"modified":"2021-05-15T17:12:10","modified_gmt":"2021-05-15T21:12:10","slug":"ligue-2-francaise-ali-abdi-et-paris-fc-peuvent-rever-a-la-l1","status":"publish","type":"post","link":"https:\/\/linitiative.ca\/International\/ligue-2-francaise-ali-abdi-et-paris-fc-peuvent-rever-a-la-l1\/","title":{"rendered":"Ligue 2 fran\u00e7aise : Ali Abdi et Paris FC peuvent r\u00eaver \u00e0 la L1"},"content":{"rendered":"<div class=\"post-cont-in left relative\">\n<div id=\"post-info-wrap\" class=\"left relative post-info-out\">\n<div class=\"post-info-img left relative\"><img decoding=\"async\" alt=\"\" src=\"https:\/\/secure.gravatar.com\/avatar\/e08a32c38bbac601a92c63c79d61b38d?s=50&amp;d=mm&amp;r=g\" srcset=\"https:\/\/secure.gravatar.com\/avatar\/e08a32c38bbac601a92c63c79d61b38d?s=100&amp;d=mm&amp;r=g 2x\" class=\"avatar avatar-50 photo\" height=\"50\" width=\"50\" loading=\"lazy\"\/><\/div>\n<div class=\"post-info-in\">\n<div class=\"post-info-right left relative post-info-name left relative\"><span itemprop=\"author\" itemscope=\"itemscope\" itemtype=\"https:\/\/schema.org\/Person\"><span class=\"post-info-text\">By<\/span> <span class=\"author-name vcard fn author\" itemprop=\"name\"><a href=\"https:\/\/sport.tunisienumerique.com\/author\/fakhreddine\/\" title=\"Articles par Fakhreddine Ben Malek\" rel=\"author\">Fakhreddine Ben Malek<\/a><\/span> <span class=\"author-twitter\"><a href=\"https:\/\/twitter.com\/Fakhr_Ben_Malek\" class=\"twitter-but\" target=\"_blank\" rel=\"noopener\"><\/span><\/span> <span class=\"post-date updated\"><time class=\"post-date updated\" itemprop=\"datePublished\" datetime=\"2021-05-15\">\u00a0| Il y a 16 secondes<\/time><\/span><br \/>\n<meta itemprop=\"dateModified\" content=\"2021-05-15\"\/><\/div>\n<div class=\"left relative\"><button id=\"listenButton1\" class=\"responsivevoice-button\" type=\"button\" value=\"Play\" title=\"\u00c9coutez l'article\"><span>\ud83d\udd0a \u00c9coutez l&rsquo;article<\/span><\/button>\n<\/div>\n<\/div>\n<\/div>\n<p>Vainqueur de Chambly (3-0) ce samedi lors de la 38e journ\u00e9e de Ligue 2 fran\u00e7aise, le Paris FC s\u2019est qualifi\u00e9 pour les barrages d\u2019accession en L1 qui d\u00e9buteront mardi \u00e0 Grenoble.<\/p>\n<p>L\u2019international tunisien de Paris FC Ali Abdi a sign\u00e9 le deuxi\u00e8me but de son \u00e9quipe \u00e0 la 89\u00e8me minute. Auteur d\u2019une belle saison, Abdi vient de signer sa 9\u00e8me r\u00e9alisation avec deux passes d\u00e9cisives \u00e0 la cl\u00e9.<\/p>\n<div class=\"code-block code-block-1 c5\">\n <ins class=\"adsbygoogle c4\" data-ad-layout=\"in-article\" data-ad-format=\"fluid\" data-ad-client=\"ca-pub-2102118777505746\" data-ad-slot=\"7301775417\"\/>\n<\/div>\n<p>L\u2019\u00e9quipe parisienne fera face mardi \u00e0 Grenoble en d\u00e9but des barrages. Le vainqueur affrontera Toulouse, chez lui, le vendredi 21 mai. en finale, le vainqueur de ce tournoi croisera le fer avec le 18\u00e8me de Ligue 1 fran\u00e7aise.<\/p>\n<div class=\"heateor_sss_sharing_container heateor_sss_horizontal_sharing\" heateor-sss-data-href=\"https:\/\/sport.tunisienumerique.com\/ligue-2-francaise-ali-abdi-et-paris-fc-peuvent-rever-a-la-l1\/\">\n<div class=\"heateor_sss_sharing_title c6\">Cet article vous a \u00e9t\u00e9 utile? Partagez le, il int\u00e9ressera d\u2019autres personnes. Merci!<\/div>\n<ul class=\"heateor_sss_sharing_ul\">\n<li class=\"heateorSssSharingRound\"><em alt=\"Facebook\" title=\"Facebook\" class=\"heateorSssSharing heateorSssFacebookBackground c7\" onclick=\"heateorSssPopup(&quot;https:\/\/www.facebook.com\/sharer\/sharer.php?u=https%3A%2F%2Fsport.tunisienumerique.com%2Fligue-2-francaise-ali-abdi-et-paris-fc-peuvent-rever-a-la-l1%2F&quot;)\">\u00a0<\/em><\/li>\n<li class=\"heateorSssSharingRound\"><em alt=\"Twitter\" title=\"Twitter\" class=\"heateorSssSharing heateorSssTwitterBackground c7\" onclick=\"heateorSssPopup(&quot;http:\/\/twitter.com\/intent\/tweet?text=Ligue%202%20fran%C3%A7aise%20%3A%20Ali%20Abdi%20et%20Paris%20FC%20peuvent%20r%C3%AAver%20%C3%A0%20la%20L1&amp;url=https%3A%2F%2Fsport.tunisienumerique.com%2Fligue-2-francaise-ali-abdi-et-paris-fc-peuvent-rever-a-la-l1%2F&quot;)\">\u00a0<\/em><\/li>\n<li class=\"heateorSssSharingRound\"><em alt=\"Linkedin\" title=\"Linkedin\" class=\"heateorSssSharing heateorSssLinkedinBackground c7\" onclick=\"heateorSssPopup(&quot;http:\/\/www.linkedin.com\/shareArticle?mini=true&amp;url=https%3A%2F%2Fsport.tunisienumerique.com%2Fligue-2-francaise-ali-abdi-et-paris-fc-peuvent-rever-a-la-l1%2F&amp;title=Ligue%202%20fran%C3%A7aise%20%3A%20Ali%20Abdi%20et%20Paris%20FC%20peuvent%20r%C3%AAver%20%C3%A0%20la%20L1&quot;)\">\u00a0<\/em><\/li>\n<li class=\"heateorSssSharingRound\"><em alt=\"Google Gmail\" title=\"Google Gmail\" class=\"heateorSssSharing heateorSssGoogleGmailBackground c7\" onclick=\"heateorSssPopup(&quot;https:\/\/mail.google.com\/mail\/?ui=2&amp;view=cm&amp;fs=1&amp;tf=1&amp;su=Ligue%202%20fran%C3%A7aise%20%3A%20Ali%20Abdi%20et%20Paris%20FC%20peuvent%20r%C3%AAver%20%C3%A0%20la%20L1&amp;body=Link:https%3A%2F%2Fsport.tunisienumerique.com%2Fligue-2-francaise-ali-abdi-et-paris-fc-peuvent-rever-a-la-l1%2F&quot;)\">\u00a0<\/em><\/li>\n<li class=\"heateorSssSharingRound\"><em alt=\"Whatsapp\" title=\"Whatsapp\" class=\"heateorSssSharing heateorSssWhatsappBackground c7\"><a href=\"https:\/\/api.whatsapp.com\/send?text=Ligue%202%20fran%C3%A7aise%20%3A%20Ali%20Abdi%20et%20Paris%20FC%20peuvent%20r%C3%AAver%20%C3%A0%20la%20L1%20https%3A%2F%2Fsport.tunisienumerique.com%2Fligue-2-francaise-ali-abdi-et-paris-fc-peuvent-rever-a-la-l1%2F\" rel=\"nofollow noopener\" target=\"_blank\">\u00a0<\/a><\/em><\/li>\n<li class=\"heateorSssSharingRound\">\u00a0<\/li>\n<\/ul>\n<\/div>\n<p><strong>Que se passe-t-il en Tunisie?<\/strong><br \/>Nous expliquons sur notre <a href=\"https:\/\/www.youtube.com\/channel\/UCRzypVq0B_yBad5eGrwBx0Q?sub_confirmation=1\" target=\"_blank\" rel=\"noopener\">cha\u00eene YouTube<\/a> . <a href=\"https:\/\/www.youtube.com\/channel\/UCRzypVq0B_yBad5eGrwBx0Q?sub_confirmation=1\" target=\"_blank\" rel=\"noopener\">Abonnez-vous!<\/a><\/p>\n<div class=\"mvp-org-wrap\" itemprop=\"publisher\" itemscope=\"itemscope\" itemtype=\"https:\/\/schema.org\/Organization\">\n<div class=\"mvp-org-logo\" itemprop=\"logo\" itemscope=\"itemscope\" itemtype=\"https:\/\/schema.org\/ImageObject\"><img decoding=\"async\" src=\"https:\/\/sport.tunisienumerique.com\/wp-content\/uploads\/2021\/04\/logo_tunisie_numerique-2.png\"\/><br \/>\n<meta itemprop=\"url\" content=\"https:\/\/sport.tunisienumerique.com\/wp-content\/uploads\/2021\/04\/logo_tunisie_numerique-2.png\"\/><\/div>\n<p><meta itemprop=\"name\" content=\"Sport By TN\"\/><\/div>\n<div class=\"mvp-related-posts left relative\">\n<h4 class=\"post-header\"><span class=\"post-header\">Lire aussi<\/span><\/h4>\n<\/div>\n<div id=\"article-ad\">\n <ins class=\"adsbygoogle c8\" data-ad-client=\"ca-pub-2102118777505746\" data-ad-slot=\"6513972734\" data-ad-format=\"auto\" data-full-width-responsive=\"true\"\/>\n<\/div>\n<\/div>\n<div id=\"post-sidebar-wrap\">\n <ins class=\"adsbygoogle c8\" data-ad-client=\"ca-pub-2102118777505746\" data-ad-slot=\"6513972734\" data-ad-format=\"auto\" data-full-width-responsive=\"true\"\/>\n<\/div>\n<p>Auteur:<br \/>\n<a href=\"https:\/\/sport.tunisienumerique.com\/ligue-2-francaise-ali-abdi-et-paris-fc-peuvent-rever-a-la-l1\/\">Cliquez ici pour lire l&rsquo;article depuis sa source.<\/a><\/p>\n","protected":false},"excerpt":{"rendered":"<p>By Fakhreddine Ben Malek \u00a0| Il y a 16 secondes \ud83d\udd0a \u00c9coutez l&rsquo;article Vainqueur de Chambly (3-0) ce samedi lors de la 38e journ\u00e9e de Ligue 2 fran\u00e7aise, le Paris FC s\u2019est qualifi\u00e9 pour les barrages d\u2019accession en L1 qui d\u00e9buteront mardi \u00e0 Grenoble. L\u2019international tunisien de Paris FC Ali Abdi a sign\u00e9 le deuxi\u00e8me [&hellip;]<\/p>\n","protected":false},"author":1789,"featured_media":0,"comment_status":"closed","ping_status":"closed","sticky":false,"template":"","format":"standard","meta":{"fifu_image_url":"https:\/\/secure.gravatar.com\/avatar\/e08a32c38bbac601a92c63c79d61b38d?s=50&d=mm&r=g","fifu_image_alt":"Ligue 2 fran\u00e7aise : Ali Abdi et Paris FC peuvent r\u00eaver \u00e0 la L1","footnotes":""},"categories":[73,55],"tags":[],"class_list":["post-116800","post","type-post","status-publish","format-standard","hentry","category-actualite","category-tunisie"],"_links":{"self":[{"href":"https:\/\/linitiative.ca\/International\/wp-json\/wp\/v2\/posts\/116800","targetHints":{"allow":["GET"]}}],"collection":[{"href":"https:\/\/linitiative.ca\/International\/wp-json\/wp\/v2\/posts"}],"about":[{"href":"https:\/\/linitiative.ca\/International\/wp-json\/wp\/v2\/types\/post"}],"author":[{"embeddable":true,"href":"https:\/\/linitiative.ca\/International\/wp-json\/wp\/v2\/users\/1789"}],"replies":[{"embeddable":true,"href":"https:\/\/linitiative.ca\/International\/wp-json\/wp\/v2\/comments?post=116800"}],"version-history":[{"count":0,"href":"https:\/\/linitiative.ca\/International\/wp-json\/wp\/v2\/posts\/116800\/revisions"}],"wp:attachment":[{"href":"https:\/\/linitiative.ca\/International\/wp-json\/wp\/v2\/media?parent=116800"}],"wp:term":[{"taxonomy":"category","embeddable":true,"href":"https:\/\/linitiative.ca\/International\/wp-json\/wp\/v2\/categories?post=116800"},{"taxonomy":"post_tag","embeddable":true,"href":"https:\/\/linitiative.ca\/International\/wp-json\/wp\/v2\/tags?post=116800"}],"curies":[{"name":"wp","href":"https:\/\/api.w.org\/{rel}","templated":true}]}}