{"id":116804,"date":"2021-05-15T09:18:01","date_gmt":"2021-05-15T13:18:01","guid":{"rendered":"https:\/\/linitiative.ca\/International\/interdiction-a-abidjan-de-deux-manifestations-simultanees-du-fpi-et-des-victimes\/"},"modified":"2021-05-15T09:18:01","modified_gmt":"2021-05-15T13:18:01","slug":"interdiction-a-abidjan-de-deux-manifestations-simultanees-du-fpi-et-des-victimes","status":"publish","type":"post","link":"https:\/\/linitiative.ca\/International\/interdiction-a-abidjan-de-deux-manifestations-simultanees-du-fpi-et-des-victimes\/","title":{"rendered":"Interdiction \u00e0 Abidjan de deux manifestations simultan\u00e9es du FPI et des victimes"},"content":{"rendered":"<div readability=\"32\">\n<p>Publi\u00e9 le 15.05.2021 \u00e0 14h18 par APA News<\/p>\n<\/div>\n<div readability=\"57\">\n<p>Le pr\u00e9fet d\u2019Abidjan Adama Doumbia a pris un arr\u00eat\u00e9 portant interdiction de deux r\u00e9unions simultan\u00e9es du Front populaire ivoirien (FPI) et du Collectif des victimes en C\u00f4te d\u2019Ivoire pr\u00e9vues ce samedi au stade au stade de Gonzagueville dans le sud de la capitale \u00e9conomique ivoirienne, \u00e9voquant des \u00abrisques d\u2019affrontements et de trouble \u00e0 l\u2019ordre public \u00bb.<\/p>\n<p>\u00a0\u00ab Consid\u00e9rant que les deux r\u00e9unions sont programm\u00e9es pour se tenir sur le m\u00eame site, le m\u00eame jour et aux m\u00eames heures, consid\u00e9rant les risques d\u2019affrontements et trouble \u00e0 l\u2019ordre public, la r\u00e9union du Collectif des victimes en C\u00f4te d\u2019Ivoire pr\u00e9vue le samedi 15 mai 2021 au stade de Gonzagueville est interdite \u00bb, stipule l\u2019arr\u00eat\u00e9.<\/p>\n<p>Le meeting de \u00a0\u00ab mobilisation pour le retour de Laurent Gbagbo \u00bb \u00a0organis\u00e9 au stade de Gonzagueville, commune de Port-Bou\u00ebt, le samedi 15 mai 2021 est \u00e9galement interdit, selon le pr\u00e9fet d\u2019Abidjan.<\/p>\n<p>L\u2019administrateur civil a par ailleurs, pr\u00e9cis\u00e9 \u00e0 l\u2019article 3 de cet arr\u00eat\u00e9 que \u00a0\u00ab tout contrevenant \u00e0 ces interdictions est passible des sanctions pr\u00e9vues par la l\u00e9gislation en vigueur \u00a0\u00bb.<\/p>\n<\/div>\n<p>Auteur: APA News<br \/>\n<a href=\"https:\/\/www.journalducameroun.com\/interdiction-a-abidjan-de-deux-manifestations-simultanees-du-fpi-et-des-victimes\/\">Cliquez ici pour lire l&rsquo;article depuis sa source.<\/a><\/p>\n","protected":false},"excerpt":{"rendered":"<p>Publi\u00e9 le 15.05.2021 \u00e0 14h18 par APA News Le pr\u00e9fet d\u2019Abidjan Adama Doumbia a pris un arr\u00eat\u00e9 portant interdiction de deux r\u00e9unions simultan\u00e9es du Front populaire ivoirien (FPI) et du Collectif des victimes en C\u00f4te d\u2019Ivoire pr\u00e9vues ce samedi au stade au stade de Gonzagueville dans le sud de la capitale \u00e9conomique ivoirienne, \u00e9voquant des [&hellip;]<\/p>\n","protected":false},"author":1965,"featured_media":0,"comment_status":"closed","ping_status":"closed","sticky":false,"template":"","format":"standard","meta":{"fifu_image_url":"","fifu_image_alt":"","footnotes":""},"categories":[73,82],"tags":[],"class_list":["post-116804","post","type-post","status-publish","format-standard","hentry","category-actualite","category-cameroun"],"_links":{"self":[{"href":"https:\/\/linitiative.ca\/International\/wp-json\/wp\/v2\/posts\/116804","targetHints":{"allow":["GET"]}}],"collection":[{"href":"https:\/\/linitiative.ca\/International\/wp-json\/wp\/v2\/posts"}],"about":[{"href":"https:\/\/linitiative.ca\/International\/wp-json\/wp\/v2\/types\/post"}],"author":[{"embeddable":true,"href":"https:\/\/linitiative.ca\/International\/wp-json\/wp\/v2\/users\/1965"}],"replies":[{"embeddable":true,"href":"https:\/\/linitiative.ca\/International\/wp-json\/wp\/v2\/comments?post=116804"}],"version-history":[{"count":0,"href":"https:\/\/linitiative.ca\/International\/wp-json\/wp\/v2\/posts\/116804\/revisions"}],"wp:attachment":[{"href":"https:\/\/linitiative.ca\/International\/wp-json\/wp\/v2\/media?parent=116804"}],"wp:term":[{"taxonomy":"category","embeddable":true,"href":"https:\/\/linitiative.ca\/International\/wp-json\/wp\/v2\/categories?post=116804"},{"taxonomy":"post_tag","embeddable":true,"href":"https:\/\/linitiative.ca\/International\/wp-json\/wp\/v2\/tags?post=116804"}],"curies":[{"name":"wp","href":"https:\/\/api.w.org\/{rel}","templated":true}]}}