{"id":116805,"date":"2021-05-15T09:18:02","date_gmt":"2021-05-15T13:18:02","guid":{"rendered":"https:\/\/linitiative.ca\/International\/ouattara-a-paris-pour-le-sommet-sur-le-financement-des-economies-africaines\/"},"modified":"2021-05-15T09:18:02","modified_gmt":"2021-05-15T13:18:02","slug":"ouattara-a-paris-pour-le-sommet-sur-le-financement-des-economies-africaines","status":"publish","type":"post","link":"https:\/\/linitiative.ca\/International\/ouattara-a-paris-pour-le-sommet-sur-le-financement-des-economies-africaines\/","title":{"rendered":"Ouattara \u00e0 Paris pour le sommet sur le financement des \u00e9conomies africaines"},"content":{"rendered":"<div readability=\"32\">\n<p>Publi\u00e9 le 15.05.2021 \u00e0 14h18 par APA News<\/p>\n<\/div>\n<div readability=\"48\">\n<p>Le pr\u00e9sident ivoirien Alassane Ouattara a quitt\u00e9 Abidjan, samedi, pour Paris (France) o\u00f9 il prendra part au sommet sur le financement des \u00e9conomies africaines.<\/p>\n<p>Selon la pr\u00e9sidence ivoirienne, ce sommet vise \u00e0 mettre en place un soutien financier massif aux \u00e9conomies africaines durement \u00e9prouv\u00e9es par la pand\u00e9mie de Covid-19, et \u00e0 poser les bases d\u2019un nouveau cycle de croissance sur le continent.<\/p>\n<p>La question de la restructuration des dettes des pays africains sera \u00e9galement abord\u00e9e au cours de cette rencontre.<\/p>\n<p>En marge de ce sommet, le chef de l\u2019Etat ivoirien aura des entretiens avec ses homologues et plusieurs personnalit\u00e9s.<\/p>\n<\/div>\n<p>Auteur: APA News<br \/>\n<a href=\"https:\/\/www.journalducameroun.com\/ouattara-a-paris-pour-le-sommet-sur-le-financement-des-economies-africaines\/\">Cliquez ici pour lire l&rsquo;article depuis sa source.<\/a><\/p>\n","protected":false},"excerpt":{"rendered":"<p>Publi\u00e9 le 15.05.2021 \u00e0 14h18 par APA News Le pr\u00e9sident ivoirien Alassane Ouattara a quitt\u00e9 Abidjan, samedi, pour Paris (France) o\u00f9 il prendra part au sommet sur le financement des \u00e9conomies africaines. Selon la pr\u00e9sidence ivoirienne, ce sommet vise \u00e0 mettre en place un soutien financier massif aux \u00e9conomies africaines durement \u00e9prouv\u00e9es par la pand\u00e9mie [&hellip;]<\/p>\n","protected":false},"author":1965,"featured_media":0,"comment_status":"closed","ping_status":"closed","sticky":false,"template":"","format":"standard","meta":{"fifu_image_url":"","fifu_image_alt":"","footnotes":""},"categories":[73,82],"tags":[],"class_list":["post-116805","post","type-post","status-publish","format-standard","hentry","category-actualite","category-cameroun"],"_links":{"self":[{"href":"https:\/\/linitiative.ca\/International\/wp-json\/wp\/v2\/posts\/116805","targetHints":{"allow":["GET"]}}],"collection":[{"href":"https:\/\/linitiative.ca\/International\/wp-json\/wp\/v2\/posts"}],"about":[{"href":"https:\/\/linitiative.ca\/International\/wp-json\/wp\/v2\/types\/post"}],"author":[{"embeddable":true,"href":"https:\/\/linitiative.ca\/International\/wp-json\/wp\/v2\/users\/1965"}],"replies":[{"embeddable":true,"href":"https:\/\/linitiative.ca\/International\/wp-json\/wp\/v2\/comments?post=116805"}],"version-history":[{"count":0,"href":"https:\/\/linitiative.ca\/International\/wp-json\/wp\/v2\/posts\/116805\/revisions"}],"wp:attachment":[{"href":"https:\/\/linitiative.ca\/International\/wp-json\/wp\/v2\/media?parent=116805"}],"wp:term":[{"taxonomy":"category","embeddable":true,"href":"https:\/\/linitiative.ca\/International\/wp-json\/wp\/v2\/categories?post=116805"},{"taxonomy":"post_tag","embeddable":true,"href":"https:\/\/linitiative.ca\/International\/wp-json\/wp\/v2\/tags?post=116805"}],"curies":[{"name":"wp","href":"https:\/\/api.w.org\/{rel}","templated":true}]}}