{"id":116806,"date":"2021-05-15T14:15:13","date_gmt":"2021-05-15T18:15:13","guid":{"rendered":"https:\/\/linitiative.ca\/International\/cameroun-medecins-sans-frontiere-negocie-sa-rehabilitation\/"},"modified":"2021-05-15T14:15:13","modified_gmt":"2021-05-15T18:15:13","slug":"cameroun-medecins-sans-frontiere-negocie-sa-rehabilitation","status":"publish","type":"post","link":"https:\/\/linitiative.ca\/International\/cameroun-medecins-sans-frontiere-negocie-sa-rehabilitation\/","title":{"rendered":"Cameroun\u00a0: M\u00e9decins sans fronti\u00e8re n\u00e9gocie sa r\u00e9habilitation"},"content":{"rendered":"<div readability=\"32\">\n<p>Publi\u00e9 le 15.05.2021 \u00e0 19h15 par \u00c9mile Zola Nd\u00e9 Tchoussi<\/p>\n<\/div>\n<div readability=\"63\">\n<h5 class=\"c9\"><strong>Suspendue de ses activit\u00e9s dans la r\u00e9gion du Nord-Ouest par les autorit\u00e9s camerounaises il y a quelques mois pour n\u2019avoir pas respect\u00e9 les conventions internationales, l\u2019ONG par son Directeur g\u00e9n\u00e9ral Stephen Paul Cornish a entam\u00e9 des discussions avec le ministre des Relations ext\u00e9rieure Lejeune Mbella Mbella pour une reprise de ses affaires.<\/strong><\/h5>\n<p class=\"c10\">Le minist\u00e8re des Relations ext\u00e9rieures a connu une ambiance particuli\u00e8re le 12 mai dernier. Lejeune Mbella Mbella, le patron administratif des lieux a accord\u00e9 une audience \u00e0 Stephen Paul Cornish, le Directeur g\u00e9n\u00e9ral de M\u00e9decins sans fronti\u00e8res (MSF). Si rien n\u2019a filtr\u00e9 des \u00e9changes, l\u2019on suppose qu\u2019il \u00e9tait question au cours de cette entrevue d\u2019examiner les voies de relance des activit\u00e9s de cette Organisation non gouvernementale (ONG) dans le Nord-Ouest.<\/p>\n<p class=\"c10\">On se souvient qu\u2019au mois de d\u00e9cembre 2020, Adolphe L\u00e9l\u00e9 Lafrique, avait suspendu les activit\u00e9s de M\u00e9decins sans fronti\u00e8res. Le gouverneur de la r\u00e9gion du Nord-Ouest reprochait \u00e0 cette ONG\u00a0d\u2019apporter des soins aux groupes s\u00e9paratistes.\u00a0La suspension d\u2019activit\u00e9s inflig\u00e9e \u00e0 MSF signifiait qu\u2019elle n\u2019\u00e9tait plus autoris\u00e9e \u00e0 collaborer avec les formations sanitaires du Nord-Ouest. Adolphe Lele Lafrique avait alors charg\u00e9 le D\u00e9l\u00e9gu\u00e9 r\u00e9gional de la sant\u00e9 de sa r\u00e9gion d\u2019impl\u00e9menter cette mesure.<\/p>\n<p class=\"c10\">Dans la foul\u00e9e, Paul Atanga Nji, le ministre de l\u2019Administration territoriale, en recevant Dr Modeste Tamaklo\u00e9 Koku, chef de mission de MSF au Cameroun avait\u00a0 exhort\u00e9 l\u2019Ong \u00e0 plus de neutralit\u00e9 et d\u2019impartialit\u00e9 en ce qui concerne son d\u00e9ploiement dans les r\u00e9gions anglophones, avec les attaques meurtri\u00e8res que m\u00e8nent les groupes s\u00e9cessionnistes depuis bient\u00f4t quatre ans.<\/p>\n<p class=\"c10\">En rappel, c\u2019est depuis 35 ans que MSF m\u00e8ne ses activit\u00e9s au Cameroun. Cette ONG se montre tr\u00e8s active dans les r\u00e9gions de l\u2019Extr\u00eame-Nord, du Nord-Ouest et du Sud-Ouest en apportant une aide m\u00e9dicale comprenant des soins nutritionnels et en sant\u00e9 mentale, des actions de promotion de la Sant\u00e9 et de la chirurgie en cas d\u2019afflux massif de bless\u00e9s. Ces trois r\u00e9gions sont en proie \u00e0 diverses menaces s\u00e9curitaires qui ont engendr\u00e9 d\u2019importants besoins humanitaires.<\/p>\n<\/div>\n<p>Auteur: Christian DJIMADEU<br \/>\n<a href=\"https:\/\/www.journalducameroun.com\/387935-2-cameroun\/\">Cliquez ici pour lire l&rsquo;article depuis sa source.<\/a><\/p>\n","protected":false},"excerpt":{"rendered":"<p>Publi\u00e9 le 15.05.2021 \u00e0 19h15 par \u00c9mile Zola Nd\u00e9 Tchoussi Suspendue de ses activit\u00e9s dans la r\u00e9gion du Nord-Ouest par les autorit\u00e9s camerounaises il y a quelques mois pour n\u2019avoir pas respect\u00e9 les conventions internationales, l\u2019ONG par son Directeur g\u00e9n\u00e9ral Stephen Paul Cornish a entam\u00e9 des discussions avec le ministre des Relations ext\u00e9rieure Lejeune Mbella [&hellip;]<\/p>\n","protected":false},"author":1965,"featured_media":0,"comment_status":"closed","ping_status":"closed","sticky":false,"template":"","format":"standard","meta":{"fifu_image_url":"","fifu_image_alt":"","footnotes":""},"categories":[73,82],"tags":[],"class_list":["post-116806","post","type-post","status-publish","format-standard","hentry","category-actualite","category-cameroun"],"_links":{"self":[{"href":"https:\/\/linitiative.ca\/International\/wp-json\/wp\/v2\/posts\/116806","targetHints":{"allow":["GET"]}}],"collection":[{"href":"https:\/\/linitiative.ca\/International\/wp-json\/wp\/v2\/posts"}],"about":[{"href":"https:\/\/linitiative.ca\/International\/wp-json\/wp\/v2\/types\/post"}],"author":[{"embeddable":true,"href":"https:\/\/linitiative.ca\/International\/wp-json\/wp\/v2\/users\/1965"}],"replies":[{"embeddable":true,"href":"https:\/\/linitiative.ca\/International\/wp-json\/wp\/v2\/comments?post=116806"}],"version-history":[{"count":0,"href":"https:\/\/linitiative.ca\/International\/wp-json\/wp\/v2\/posts\/116806\/revisions"}],"wp:attachment":[{"href":"https:\/\/linitiative.ca\/International\/wp-json\/wp\/v2\/media?parent=116806"}],"wp:term":[{"taxonomy":"category","embeddable":true,"href":"https:\/\/linitiative.ca\/International\/wp-json\/wp\/v2\/categories?post=116806"},{"taxonomy":"post_tag","embeddable":true,"href":"https:\/\/linitiative.ca\/International\/wp-json\/wp\/v2\/tags?post=116806"}],"curies":[{"name":"wp","href":"https:\/\/api.w.org\/{rel}","templated":true}]}}