{"id":116807,"date":"2021-05-15T15:18:02","date_gmt":"2021-05-15T19:18:02","guid":{"rendered":"https:\/\/linitiative.ca\/International\/maroc-retour-dimanche-a-lhoraire-gmt1\/"},"modified":"2021-05-15T15:18:02","modified_gmt":"2021-05-15T19:18:02","slug":"maroc-retour-dimanche-a-lhoraire-gmt1","status":"publish","type":"post","link":"https:\/\/linitiative.ca\/International\/maroc-retour-dimanche-a-lhoraire-gmt1\/","title":{"rendered":"Maroc : retour dimanche \u00e0 l\u2019horaire GMT+1"},"content":{"rendered":"<div readability=\"32\">\n<p>Publi\u00e9 le 15.05.2021 \u00e0 20h18 par APA News<\/p>\n<\/div>\n<div readability=\"50\">\n<p>Le Maroc va repasser \u00e0 l\u2019heure GMT+1 dans la nuit de samedi \u00e0 dimanche 16 mai, a annonc\u00e9 le minist\u00e8re de l\u2019Economie, des finances et de la r\u00e9forme de l\u2019administration.Ce fuseau horaire (GMT+1), est maintenu par le Maroc tout au long de l\u2019ann\u00e9e, sauf pour la p\u00e9riode de Ramadan.<\/p>\n<p>Selon l\u2019Ex\u00e9cutif, qui a d\u00e9cid\u00e9 le maintien du fuseau horaire GMT +1 en 2018, le but \u00e9tant de \u00ab maintenir l\u2019heure d\u2019\u00e9t\u00e9 en vigueur actuellement afin d\u2019\u00e9viter les changements op\u00e9r\u00e9s \u00e0 maintes reprises durant l\u2019ann\u00e9e et leurs r\u00e9percussions \u00e0 plusieurs niveaux \u00bb.<\/p>\n<p>Au Parlement, le chef de gouvernement, Saad Eddine El Otmani, avait assur\u00e9 que le passage \u00e0 GMT+1 permettrait d\u2019\u00e9conomiser 240 millions de dirhams de facture \u00e9nerg\u00e9tique.<\/p>\n<\/div>\n<p>Auteur: APA News<br \/>\n<a href=\"https:\/\/www.journalducameroun.com\/maroc-retour-dimanche-a-lhoraire-gmt1\/\">Cliquez ici pour lire l&rsquo;article depuis sa source.<\/a><\/p>\n","protected":false},"excerpt":{"rendered":"<p>Publi\u00e9 le 15.05.2021 \u00e0 20h18 par APA News Le Maroc va repasser \u00e0 l\u2019heure GMT+1 dans la nuit de samedi \u00e0 dimanche 16 mai, a annonc\u00e9 le minist\u00e8re de l\u2019Economie, des finances et de la r\u00e9forme de l\u2019administration.Ce fuseau horaire (GMT+1), est maintenu par le Maroc tout au long de l\u2019ann\u00e9e, sauf pour la p\u00e9riode [&hellip;]<\/p>\n","protected":false},"author":1965,"featured_media":0,"comment_status":"closed","ping_status":"closed","sticky":false,"template":"","format":"standard","meta":{"fifu_image_url":"","fifu_image_alt":"","footnotes":""},"categories":[73,82],"tags":[],"class_list":["post-116807","post","type-post","status-publish","format-standard","hentry","category-actualite","category-cameroun"],"_links":{"self":[{"href":"https:\/\/linitiative.ca\/International\/wp-json\/wp\/v2\/posts\/116807","targetHints":{"allow":["GET"]}}],"collection":[{"href":"https:\/\/linitiative.ca\/International\/wp-json\/wp\/v2\/posts"}],"about":[{"href":"https:\/\/linitiative.ca\/International\/wp-json\/wp\/v2\/types\/post"}],"author":[{"embeddable":true,"href":"https:\/\/linitiative.ca\/International\/wp-json\/wp\/v2\/users\/1965"}],"replies":[{"embeddable":true,"href":"https:\/\/linitiative.ca\/International\/wp-json\/wp\/v2\/comments?post=116807"}],"version-history":[{"count":0,"href":"https:\/\/linitiative.ca\/International\/wp-json\/wp\/v2\/posts\/116807\/revisions"}],"wp:attachment":[{"href":"https:\/\/linitiative.ca\/International\/wp-json\/wp\/v2\/media?parent=116807"}],"wp:term":[{"taxonomy":"category","embeddable":true,"href":"https:\/\/linitiative.ca\/International\/wp-json\/wp\/v2\/categories?post=116807"},{"taxonomy":"post_tag","embeddable":true,"href":"https:\/\/linitiative.ca\/International\/wp-json\/wp\/v2\/tags?post=116807"}],"curies":[{"name":"wp","href":"https:\/\/api.w.org\/{rel}","templated":true}]}}