{"id":116810,"date":"2021-05-15T12:40:13","date_gmt":"2021-05-15T16:40:13","guid":{"rendered":"https:\/\/linitiative.ca\/International\/le-port-de-kribi-double-la-longueur-de-son-chenal\/"},"modified":"2021-05-15T12:40:13","modified_gmt":"2021-05-15T16:40:13","slug":"le-port-de-kribi-double-la-longueur-de-son-chenal","status":"publish","type":"post","link":"https:\/\/linitiative.ca\/International\/le-port-de-kribi-double-la-longueur-de-son-chenal\/","title":{"rendered":"Le port de Kribi double la longueur de son chenal"},"content":{"rendered":"<p>Le Port Autonome de Kribi(PAK), annonce l\u2019entr\u00e9e en service d\u2019un nouveau chenal depuis le 3 mai dernier. Avec 1200 m de long, 200 m de large et 15 m de profondeur et une orientation de 125\u00b0 \u00e0 l\u2019entr\u00e9e et 305\u00b0 \u00e0 la sortie. Le nouveau chenal remplace le pr\u00e9c\u00e9dent d\u00e9plac\u00e9 vers le sud.\u00a0 \u00ab\u00a0L\u2019extension de la digue sud a impos\u00e9 le d\u00e9placement de celui-ci \u00abchenal\u00a0\u00bb vers le nord avec pour nouvelles caract\u00e9ristiques\u00a0\u00bb, fait savoir les services du port autonome de Kribi. Celui faisait alors 600 m\u00e8tres de long et 200 m de large avec une c\u00f4te de 15 m de profondeur, soit deux fois moins que le nouveau.\u00a0Ce redimensionnement a \u00abentrain\u00e9 l\u2019agrandissement du bassin portuaire et du cercle d\u2019\u00e9vitage ; ce qui aura pour avantage d\u2019assurer d\u00e9sormais confort et s\u00e9curit\u00e9 dans la man\u0153uvre des navires de grande taille et \u00e0 fort tirant d\u2019eau\u00a0\u00bb, pr\u00e9cise le port de Kribi.<\/p>\n<p><strong>Lire aussi : <a href=\"https:\/\/ecomatin.net\/le-port-de-kribi-affiche-des-recettes-douanieres-en-hausse-de-218-en-2020\/\">Le Port de Kribi affiche des recettes douani\u00e8res en hausse de 21,8% en 2020<\/a><\/strong><\/p>\n<p>L\u2019am\u00e9nagement de ce nouveau chenal fait partie du plan de r\u00e9alisation des travaux d\u2019extension de la Phase II, qui pr\u00e9voient une extension de 720 m\u00e8tres de lin\u00e9aire de quai vers le nord sur les 615 existants et un prolongement de 700 m\u00e8tres de la digue Sud. De M\u00eame, avec ses anciennes caract\u00e9ristiques, le chenal du port de Kribi passait d\u00e9j\u00e0 pour \u00eatre parmi \u00ab les meilleurs sur la c\u00f4te ouest-africaine. \u00bb,\u00a0 avec un plan d\u2019eau constitu\u00e9 d\u2019une zone d\u2019\u00e9vitage de 600 m de diam\u00e8tre, il \u00e9tait prot\u00e9g\u00e9 de la houle dominante par une digue de 1350 m.<\/p>\n<p><strong>Lire aussi<\/strong> : <strong><a href=\"https:\/\/ecomatin.net\/les-travaux-dextension-de-la-phase-ii-du-port-de-kribi-sont-realises-a-24\/\">Les travaux d\u2019extension de la phase II du Port de Kribi sont r\u00e9alis\u00e9s \u00e0 24%<\/a><\/strong><\/p>\n<p>Le chenal, voie d\u2019acc\u00e8s balis\u00e9e \u00e0 cet effet qui permet l\u2019entr\u00e9e et la sortie des navires en toute s\u00e9curit\u00e9, est constitu\u00e9 de bou\u00e9es lat\u00e9rales suivant les r\u00e8gles d\u00e9finies par l\u2019Association internationale de la signalisation maritime (AISM-IALA). \u00a0D\u2019apr\u00e8s le port autonome de Kribi, ce balisage varie d\u2019une zone g\u00e9ographique \u00e0 une autre. En zone\u00a0 A (Europe, Afrique), il est effectu\u00e9 suivant une coupe de bou\u00e9es Vert\/rouge dispos\u00e9es respectivement Tribord\/b\u00e2bord (droite \/gauche) en acc\u00e9dant au Port. Cette disposition est invers\u00e9e dans la zone B (Am\u00e9riques, Pacifique, Japon, Cor\u00e9e, Philippines, D\u00e9partements Fran\u00e7ais des Antilles, Guyane et Saint-Pierre-et-Miquelon).<\/p>\n<p>Le chenal du Port en eau profonde de Kribi ne permet pas un croisement entre deux navires. Cependant, sa c\u00f4te entretenue de -15 m permet d\u2019\u00e9viter tout risque d\u2019\u00e9chouement de navire notamment de heurter violemment le fonds.<\/p>\n<p><strong>Lire aussi<\/strong> : <strong><a href=\"https:\/\/ecomatin.net\/port-de-kribi-32-milliards-de-fcfa-pour-recycler-les-dechets-petroliers\/\">Port de Kribi : 3,2 milliards de Fcfa pour recycler les d\u00e9chets p\u00e9troliers<\/a><\/strong><\/p>\n<p>\u00a0Il faut noter qu\u2019en mati\u00e8re de gestion du trafic maritime des ports, les capitaineries sont charg\u00e9es d\u2019int\u00e9grer l\u2019approche du chenal d\u2019acc\u00e8s \u00e0 l\u2019aide d\u2019un syst\u00e8me STM\/VTS (respectivement, en fran\u00e7ais et en anglais, Syst\u00e8me de Trafic Maritime et Vessel Traffic System). Il s\u2019agit de radars, de mat\u00e9riels de radiocommunication, de moyens d\u2019identification automatique des navires et de moyens de surveillance \u00e0 distance permettant un suivi permanent des mouvements des engins flottants dans le chenal.<\/p>\n<p>Auteur: Amina MALLOUM<br \/>\n<a href=\"https:\/\/ecomatin.net\/le-port-de-kribi-double-la-longueur-de-son-chenal\/\">Cliquez ici pour lire l&rsquo;article depuis sa source.<\/a><\/p>\n","protected":false},"excerpt":{"rendered":"<p>Le Port Autonome de Kribi(PAK), annonce l\u2019entr\u00e9e en service d\u2019un nouveau chenal depuis le 3 mai dernier. Avec 1200 m de long, 200 m de large et 15 m de profondeur et une orientation de 125\u00b0 \u00e0 l\u2019entr\u00e9e et 305\u00b0 \u00e0 la sortie. Le nouveau chenal remplace le pr\u00e9c\u00e9dent d\u00e9plac\u00e9 vers le sud.\u00a0 \u00ab\u00a0L\u2019extension de [&hellip;]<\/p>\n","protected":false},"author":1969,"featured_media":0,"comment_status":"closed","ping_status":"closed","sticky":false,"template":"","format":"standard","meta":{"fifu_image_url":"","fifu_image_alt":"","footnotes":""},"categories":[82,78],"tags":[],"class_list":["post-116810","post","type-post","status-publish","format-standard","hentry","category-cameroun","category-economie"],"_links":{"self":[{"href":"https:\/\/linitiative.ca\/International\/wp-json\/wp\/v2\/posts\/116810","targetHints":{"allow":["GET"]}}],"collection":[{"href":"https:\/\/linitiative.ca\/International\/wp-json\/wp\/v2\/posts"}],"about":[{"href":"https:\/\/linitiative.ca\/International\/wp-json\/wp\/v2\/types\/post"}],"author":[{"embeddable":true,"href":"https:\/\/linitiative.ca\/International\/wp-json\/wp\/v2\/users\/1969"}],"replies":[{"embeddable":true,"href":"https:\/\/linitiative.ca\/International\/wp-json\/wp\/v2\/comments?post=116810"}],"version-history":[{"count":0,"href":"https:\/\/linitiative.ca\/International\/wp-json\/wp\/v2\/posts\/116810\/revisions"}],"wp:attachment":[{"href":"https:\/\/linitiative.ca\/International\/wp-json\/wp\/v2\/media?parent=116810"}],"wp:term":[{"taxonomy":"category","embeddable":true,"href":"https:\/\/linitiative.ca\/International\/wp-json\/wp\/v2\/categories?post=116810"},{"taxonomy":"post_tag","embeddable":true,"href":"https:\/\/linitiative.ca\/International\/wp-json\/wp\/v2\/tags?post=116810"}],"curies":[{"name":"wp","href":"https:\/\/api.w.org\/{rel}","templated":true}]}}