{"id":116811,"date":"2021-05-15T12:52:34","date_gmt":"2021-05-15T16:52:34","guid":{"rendered":"https:\/\/linitiative.ca\/International\/melkisation-de-terres-collectives-dans-les-perimetres-dirrigation-du-gharb-et-du-haouz-mca-morocco-et-le-cam-se-mobilisent-pour-leducation-financiere\/"},"modified":"2021-05-15T12:52:34","modified_gmt":"2021-05-15T16:52:34","slug":"melkisation-de-terres-collectives-dans-les-perimetres-dirrigation-du-gharb-et-du-haouz-mca-morocco-et-le-cam-se-mobilisent-pour-leducation-financiere","status":"publish","type":"post","link":"https:\/\/linitiative.ca\/International\/melkisation-de-terres-collectives-dans-les-perimetres-dirrigation-du-gharb-et-du-haouz-mca-morocco-et-le-cam-se-mobilisent-pour-leducation-financiere\/","title":{"rendered":"Melkisation de terres collectives dans les p\u00e9rim\u00e8tres d\u2019irrigation du Gharb et du Haouz: MCA-Morocco et le CAM se mobilisent pour l\u2019\u00e9ducation financi\u00e8re"},"content":{"rendered":"<figure class=\"post-thumbnail\" itemprop=\"associatedMedia\" itemscope=\"itemscope\" itemtype=\"http:\/\/schema.org\/ImageObject\"><img decoding=\"async\" class=\"post_layout_5_img\" src=\"http:\/\/aujourdhui.ma\/wp-content\/uploads\/2021\/05\/MCA-Morocco-et-le-CAM-Melkisation-de-terres-collectives-dans-les-perimetres-dirrigation-du-Gharb-et-du-Haouz-1.jpg\" alt=\"Melkisation de terres collectives dans les p\u00e9rim\u00e8tres d\u2019irrigation du Gharb et du Haouz: MCA-Morocco et le CAM se mobilisent pour l\u2019\u00e9ducation financi\u00e8re\"\/><\/figure>\n<p><span class=\"c7\"><strong>L\u2019Agence MCA-Morocco et le Groupe Cr\u00e9dit Agricole du Maroc (CAM) ont lanc\u00e9, r\u00e9cemment, un programme de formation sur l\u2019\u00e9ducation financi\u00e8re au profit des agriculteurs et agricultrices des terres collectives situ\u00e9es dans les p\u00e9rim\u00e8tres d\u2019irrigation du Gharb et du Haouz concern\u00e9es par l\u2019op\u00e9ration de melkisation.<\/strong><\/span><span id=\"more-376481\"\/><\/p>\n<p>Ce programme s\u2019inscrit dans le cadre de la mise en \u0153uvre des mesures d\u2019accompagnement de l\u2019op\u00e9ration de melkisation au titre du projet \u00ab\u00a0Foncier rural\u00a0\u00bb relevant du programme de coop\u00e9ration \u00ab\u00a0Compact II\u00a0\u00bb, financ\u00e9 par Millennium Challenge Corporation (MCC), indique-t-on dans un communiqu\u00e9 conjoint. Ainsi, une premi\u00e8re session a \u00e9t\u00e9 organis\u00e9e, au niveau du cercle de Kceibya relevant de la province de Sidi Slimane et ce, dans le respect des mesures sanitaires en vigueur, fait savoir la m\u00eame source.<\/p>\n<p>Ciblant quelques 4.500 participants, ces sessions de formation ont principalement pour objectifs la pr\u00e9sentation de la banque et la vulgarisation de son r\u00f4le et de ses services, l\u2019initiation des b\u00e9n\u00e9ficiaires aux m\u00e9thodes de d\u00e9finition de leurs objectifs, de priorisation de leurs besoins et de chiffrage des d\u00e9penses et recettes et leur sensibilisation sur l\u2019importance de l\u2019\u00e9pargne et de l\u2019utilisation et de la gestion raisonn\u00e9es des cr\u00e9dits d\u2019investissement et de fonctionnement, pr\u00e9cise le communiqu\u00e9. Ces sessions de formation, anim\u00e9es par les experts du le Centre d\u2019\u00e9tudes et recherches du groupe cr\u00e9dit agricole du Maroc (CERCAM), sont organis\u00e9es pr\u00e9alablement \u00e0 l\u2019accompagnement financier dispens\u00e9 par le CAM aux porteurs de projets parmi les futurs b\u00e9n\u00e9ficiaires de l\u2019op\u00e9ration pilote de melkisation, notamment \u00e0 travers le programme phare \u00ab\u00a0Al Moustatmir Al Qaraoui\u00a0\u00bb.<\/p>\n<p>S\u2019inscrivant dans le cadre du \u00ab\u00a0Programme int\u00e9gr\u00e9 d\u2019appui et de financement des entreprises\u00a0\u00bb ayant fait l\u2019objet de plusieurs conventions sign\u00e9es devant Sa Majest\u00e9 le Roi Mohammed VI, le 27 janvier 2020, \u00ab\u00a0Al Moustatmir Al Qaraoui\u00a0\u00bb vise, entre autres, \u00e0 promouvoir l\u2019\u00e9closion et le d\u00e9veloppement du tissu entrepreneurial rural, \u00e0 travers l\u2019accompagnement et le financement des petites entreprises et porteurs de projets dans le monde rural.<\/p>\n<p><a href=\"https:http:\/\/aujourdhui.ma\/wp-content\/uploads\/2021\/05\/MCA-Morocco-et-le-CAM-Melkisation-de-terres-collectives-dans-les-perimetres-dirrigation-du-Gharb-et-du-Haouz-.jpg\"><img decoding=\"async\" loading=\"lazy\" class=\"size-full wp-image-376493 aligncenter\" src=\"http:\/\/aujourdhui.ma\/wp-content\/uploads\/2021\/05\/MCA-Morocco-et-le-CAM-Melkisation-de-terres-collectives-dans-les-perimetres-dirrigation-du-Gharb-et-du-Haouz-.jpg\" alt=\"\" width=\"746\" height=\"560\" srcset=\"http:\/\/aujourdhui.ma\/wp-content\/uploads\/2021\/05\/MCA-Morocco-et-le-CAM-Melkisation-de-terres-collectives-dans-les-perimetres-dirrigation-du-Gharb-et-du-Haouz-.jpg 746w, \/\/aujourdhui.ma\/wp-content\/uploads\/2021\/05\/MCA-Morocco-et-le-CAM-Melkisation-de-terres-collectives-dans-les-perimetres-dirrigation-du-Gharb-et-du-Haouz--300x225.jpg 300w\" sizes=\"auto, (max-width: 746px) 100vw, 746px\"\/><\/a><\/p>\n<p>L\u2019organisation de ces sessions de formation vient activer l\u2019accord-cadre de partenariat, sign\u00e9 le 17 avril 2019 entre l\u2019Agence MCA-Morocco et le CAM et portant principalement sur la promotion de l\u2019investissement agricole, \u00e0 travers l\u2019accompagnement financier de la population cible de l\u2019op\u00e9ration pilote de melkisation qui couvre un total de 66.000 hectares de terres collectives, dont 51.000 hectares situ\u00e9s dans la zone du Gharb et 15.000 hectares dans la zone du Haouz.<\/p>\n<p>En vertu de cet accord-cadre, le CAM s\u2019engage \u00e0 mobiliser les moyens financiers et les comp\u00e9tences humaines n\u00e9cessaires, ainsi que son r\u00e9seau de distribution dans les zones du Gharb et du Haouz, pour accompagner les agriculteurs et agricultrices des terres melkis\u00e9es afin de mettre en valeur leurs parcelles \u00e0 travers la sensibilisation au syst\u00e8me bancaire et l\u2019acc\u00e8s au cr\u00e9dit. Ainsi, le Groupe bancaire veillera \u00e0 accompagner les b\u00e9n\u00e9ficiaires de l\u2019op\u00e9ration de melkisation dans la r\u00e9alisation de leurs projets d\u2019investissements et des activit\u00e9s g\u00e9n\u00e9ratrices de revenus, la d\u00e9finition des besoins de fonctionnement de leurs exploitations agricoles, ainsi que la promotion d\u2019une agriculture durable et r\u00e9siliente aux changements climatiques.<\/p>\n<p>Outre l\u2019accord-cadre de coop\u00e9ration sign\u00e9 avec le CAM, les autres mesures d\u2019accompagnement de l\u2019op\u00e9ration de melkisation ont fait l\u2019objet d\u2019accords d\u2019ex\u00e9cution conclus par l\u2019Agence MCA-Morocco avec l\u2019Agence Nationale de lutte Contre l\u2019Analphab\u00e9tisme (ANLCA) et l\u2019Office National du Conseil Agricole (ONCA) portant sur la lutte contre l\u2019analphab\u00e9tisme, le renforcement des capacit\u00e9s techniques et professionnelles de la population cible et le d\u00e9veloppement d\u2019activit\u00e9s g\u00e9n\u00e9ratrices de revenus et d\u2019emplois, notamment en faveur des femmes et des jeunes.<\/p>\n<p><a href=\"https:http:\/\/aujourdhui.ma\/wp-content\/uploads\/2021\/05\/MCA-Morocco-et-le-CAM-Melkisation-de-terres-collectives-dans-les-perimetres-dirrigation-du-Gharb-et-du-Haouz.jpg\"><img decoding=\"async\" loading=\"lazy\" class=\"size-full wp-image-376492 aligncenter\" src=\"http:\/\/aujourdhui.ma\/wp-content\/uploads\/2021\/05\/MCA-Morocco-et-le-CAM-Melkisation-de-terres-collectives-dans-les-perimetres-dirrigation-du-Gharb-et-du-Haouz.jpg\" alt=\"\" width=\"746\" height=\"380\" srcset=\"http:\/\/aujourdhui.ma\/wp-content\/uploads\/2021\/05\/MCA-Morocco-et-le-CAM-Melkisation-de-terres-collectives-dans-les-perimetres-dirrigation-du-Gharb-et-du-Haouz.jpg 746w, \/\/aujourdhui.ma\/wp-content\/uploads\/2021\/05\/MCA-Morocco-et-le-CAM-Melkisation-de-terres-collectives-dans-les-perimetres-dirrigation-du-Gharb-et-du-Haouz-300x153.jpg 300w, \/\/aujourdhui.ma\/wp-content\/uploads\/2021\/05\/MCA-Morocco-et-le-CAM-Melkisation-de-terres-collectives-dans-les-perimetres-dirrigation-du-Gharb-et-du-Haouz-274x140.jpg 274w, \/\/aujourdhui.ma\/wp-content\/uploads\/2021\/05\/MCA-Morocco-et-le-CAM-Melkisation-de-terres-collectives-dans-les-perimetres-dirrigation-du-Gharb-et-du-Haouz-165x84.jpg 165w, \/\/aujourdhui.ma\/wp-content\/uploads\/2021\/05\/MCA-Morocco-et-le-CAM-Melkisation-de-terres-collectives-dans-les-perimetres-dirrigation-du-Gharb-et-du-Haouz-702x358.jpg 702w\" sizes=\"auto, (max-width: 746px) 100vw, 746px\"\/><\/a><\/p>\n<p>Lanc\u00e9e officiellement \u00e0 Rabat le 26 juin 2019, l\u2019op\u00e9ration pilote de melkisation s\u2019inscrit dans le cadre de l\u2019application des Hautes Orientations de Sa Majest\u00e9 le Roi Mohammed VI appelant \u00e0 faire des terres collectives un levier du d\u00e9veloppement \u00e9conomique et social en milieu rural, en g\u00e9n\u00e9ral, et \u00e0 l\u2019activation de la melkisation \u00e0 titre gracieux au profit des ayants droit de celles qui sont situ\u00e9es \u00e0 l\u2019int\u00e9rieur des p\u00e9rim\u00e8tres d\u2019irrigation, en particulier.<\/p>\n<p>Cette op\u00e9ration pilote constitue la principale composante de l\u2019activit\u00e9 \u00ab\u00a0Foncier rural\u00a0\u00bb relevant du programme de coop\u00e9ration \u00ab\u00a0Compact II\u00a0\u00bb, conclu le 30 novembre 2015 entre le gouvernement du Royaume du Maroc et le gouvernement des Etats-Unis d\u2019Am\u00e9rique, repr\u00e9sent\u00e9 par MCC, et dont la mise en \u0153uvre a \u00e9t\u00e9 confi\u00e9e \u00e0 l\u2019Agence MCA-Morocco. Dot\u00e9e d\u2019un budget de 33 millions de dollars, l\u2019activit\u00e9 \u00ab\u00a0Foncier rural\u00a0\u00bb a pour principaux objectifs l\u2019am\u00e9lioration du niveau de vie de la population cible \u00e0 travers la formalisation de leurs droits fonciers, l\u2019accroissement des investissements agricoles, la dynamisation du march\u00e9 foncier, l\u2019accompagnement socio-\u00e9conomique des b\u00e9n\u00e9ficiaires et la cr\u00e9ation de l\u2019emploi.<\/p>\n<p>Auteur: ALM<br \/>\n<a href=\"https:\/\/aujourdhui.ma\/economie\/melkisation-de-terres-collectives-dans-les-perimetres-dirrigation-du-gharb-et-du-haouz-mca-morocco-et-le-cam-se-mobilisent-pour-leducation-financiere\">Cliquez ici pour lire l&rsquo;article depuis sa source.<\/a><\/p>\n","protected":false},"excerpt":{"rendered":"<p>L\u2019Agence MCA-Morocco et le Groupe Cr\u00e9dit Agricole du Maroc (CAM) ont lanc\u00e9, r\u00e9cemment, un programme de formation sur l\u2019\u00e9ducation financi\u00e8re au profit des agriculteurs et agricultrices des terres collectives situ\u00e9es dans les p\u00e9rim\u00e8tres d\u2019irrigation du Gharb et du Haouz concern\u00e9es par l\u2019op\u00e9ration de melkisation. Ce programme s\u2019inscrit dans le cadre de la mise en \u0153uvre [&hellip;]<\/p>\n","protected":false},"author":1759,"featured_media":0,"comment_status":"closed","ping_status":"closed","sticky":false,"template":"","format":"standard","meta":{"fifu_image_url":"http:\/\/aujourdhui.ma\/wp-content\/uploads\/2021\/05\/MCA-Morocco-et-le-CAM-Melkisation-de-terres-collectives-dans-les-perimetres-dirrigation-du-Gharb-et-du-Haouz-1.jpg","fifu_image_alt":"Melkisation de terres collectives dans les p\u00e9rim\u00e8tres d\u2019irrigation du Gharb et du Haouz: MCA-Morocco et le CAM se mobilisent pour l\u2019\u00e9ducation financi\u00e8re","footnotes":""},"categories":[73,54],"tags":[],"class_list":["post-116811","post","type-post","status-publish","format-standard","hentry","category-actualite","category-maroc"],"_links":{"self":[{"href":"https:\/\/linitiative.ca\/International\/wp-json\/wp\/v2\/posts\/116811","targetHints":{"allow":["GET"]}}],"collection":[{"href":"https:\/\/linitiative.ca\/International\/wp-json\/wp\/v2\/posts"}],"about":[{"href":"https:\/\/linitiative.ca\/International\/wp-json\/wp\/v2\/types\/post"}],"author":[{"embeddable":true,"href":"https:\/\/linitiative.ca\/International\/wp-json\/wp\/v2\/users\/1759"}],"replies":[{"embeddable":true,"href":"https:\/\/linitiative.ca\/International\/wp-json\/wp\/v2\/comments?post=116811"}],"version-history":[{"count":0,"href":"https:\/\/linitiative.ca\/International\/wp-json\/wp\/v2\/posts\/116811\/revisions"}],"wp:attachment":[{"href":"https:\/\/linitiative.ca\/International\/wp-json\/wp\/v2\/media?parent=116811"}],"wp:term":[{"taxonomy":"category","embeddable":true,"href":"https:\/\/linitiative.ca\/International\/wp-json\/wp\/v2\/categories?post=116811"},{"taxonomy":"post_tag","embeddable":true,"href":"https:\/\/linitiative.ca\/International\/wp-json\/wp\/v2\/tags?post=116811"}],"curies":[{"name":"wp","href":"https:\/\/api.w.org\/{rel}","templated":true}]}}