{"id":116812,"date":"2021-05-15T15:20:29","date_gmt":"2021-05-15T19:20:29","guid":{"rendered":"https:\/\/linitiative.ca\/International\/la-finale-de-la-ligue-des-champions-2020-2021-le-17-juillet-au-maroc\/"},"modified":"2021-05-15T15:20:29","modified_gmt":"2021-05-15T19:20:29","slug":"la-finale-de-la-ligue-des-champions-2020-2021-le-17-juillet-au-maroc","status":"publish","type":"post","link":"https:\/\/linitiative.ca\/International\/la-finale-de-la-ligue-des-champions-2020-2021-le-17-juillet-au-maroc\/","title":{"rendered":"La finale de la ligue des Champions 2020\/2021, le 17 juillet au Maroc"},"content":{"rendered":"<header>\n<div class=\"entry-post-meta\">\n<div class=\"author-link\">Publi\u00e9 par <a itemprop=\"author\" itemscope=\"itemscope\" itemtype=\"https:\/\/schema.org\/Person\" href=\"https:\/\/aujourdhui.ma\/author\/kaid\" rel=\"author\"><span itemprop=\"name\">ALM<\/span><\/a><\/div>\n<p>Date\u00a0:<time content=\"2021-05-15T19:20:29+00:00\" class=\"entry-date updated\" datetime=\"2021-05-15T19:20:29+00:00\">mai 15, 2021<\/time><\/p>\n<div class=\"entry-cat\">dans:<a href=\"https:\/\/aujourdhui.ma\/category\/sports\" rel=\"category tag\">Sports<\/a>, <a href=\"https:\/\/aujourdhui.ma\/category\/une\" rel=\"category tag\">Une<\/a><\/div>\n<p>360Vues<\/p>\n<\/div>\n<\/header>\n<div class=\"entry-content clearfix\" readability=\"59\">\n<figure class=\"post-thumbnail\" itemprop=\"associatedMedia\" itemscope=\"itemscope\" itemtype=\"http:\/\/schema.org\/ImageObject\"><img decoding=\"async\" class=\"post_layout_5_img\" src=\"http:\/\/aujourdhui.ma\/wp-content\/uploads\/2020\/07\/caf-.jpg\" alt=\"La finale de la ligue des Champions 2020\/2021, le 17 juillet au Maroc\"\/><\/figure>\n<p><span class=\"c7\"><strong>La finale de la Ligue des Champions de la CAF-Total 2020\/2021 se tiendra le 17 juillet au Maroc, a annonc\u00e9 le Comit\u00e9 Ex\u00e9cutif de la Conf\u00e9d\u00e9ration Africaine de Football (CAF), dans un communiqu\u00e9 publi\u00e9 \u00e0 l\u2019issue de sa r\u00e9union samedi \u00e0 Kigali, au Rwanda.<\/strong><\/span><br \/><span id=\"more-376488\"\/><\/p>\n<p>Selon des sources bien inform\u00e9es, la finale se jouera au complexe sportif Mohammed V \u00e0 Casablanca. Le Comit\u00e9 Ex\u00e9cutif pr\u00e9sid\u00e9 par le Pr\u00e9sident de la CAF, Dr Patrice Motsepe, a \u00e9galement d\u00e9cid\u00e9 de la tenue des finales de Coupe de la Conf\u00e9d\u00e9ration de la CAF-Total 2020\/2021 au B\u00e9nin, de la Ligue des Champions f\u00e9minine de la CAF-TOTAL 2021 en Egypte, de la Coupe d\u2019Afrique des Nations U20 Total 2023 en Egypte, de la Coupe d\u2019Afrique des Nations U17 Total 2023 en Alg\u00e9rie et de la Coupe d\u2019Afrique des Nations de Beach Soccer 2022 au Mozambique<\/p>\n<p>Le Comit\u00e9 Ex\u00e9cutif a, enfin, approuv\u00e9 les d\u00e9cisions du Comit\u00e9 d\u2019Urgence relatives au report des \u00e9liminatoires africaines de la Coupe du Monde de la FIFA, Qatar 2022 qui devaient se jouer en juin 2021. Les rencontres des \u00e9liminatoires se tiendront d\u00e9sormais durant les fen\u00eatres internationales de septembre, octobre et novembre 2021, ainsi que de mars 2022, selon la CAF.<\/p>\n<\/div>\n<p>Auteur: ALM<br \/>\n<a href=\"https:\/\/aujourdhui.ma\/une\/la-finale-de-la-ligue-des-champions-2020-2021-le-17-juillet-au-maroc\">Cliquez ici pour lire l&rsquo;article depuis sa source.<\/a><\/p>\n","protected":false},"excerpt":{"rendered":"<p>Publi\u00e9 par ALM Date\u00a0:mai 15, 2021 dans:Sports, Une 360Vues La finale de la Ligue des Champions de la CAF-Total 2020\/2021 se tiendra le 17 juillet au Maroc, a annonc\u00e9 le Comit\u00e9 Ex\u00e9cutif de la Conf\u00e9d\u00e9ration Africaine de Football (CAF), dans un communiqu\u00e9 publi\u00e9 \u00e0 l\u2019issue de sa r\u00e9union samedi \u00e0 Kigali, au Rwanda. Selon des [&hellip;]<\/p>\n","protected":false},"author":1759,"featured_media":0,"comment_status":"closed","ping_status":"closed","sticky":false,"template":"","format":"standard","meta":{"fifu_image_url":"http:\/\/aujourdhui.ma\/wp-content\/uploads\/2020\/07\/caf-.jpg","fifu_image_alt":"La finale de la ligue des Champions 2020\/2021, le 17 juillet au Maroc","footnotes":""},"categories":[73,54],"tags":[],"class_list":["post-116812","post","type-post","status-publish","format-standard","hentry","category-actualite","category-maroc"],"_links":{"self":[{"href":"https:\/\/linitiative.ca\/International\/wp-json\/wp\/v2\/posts\/116812","targetHints":{"allow":["GET"]}}],"collection":[{"href":"https:\/\/linitiative.ca\/International\/wp-json\/wp\/v2\/posts"}],"about":[{"href":"https:\/\/linitiative.ca\/International\/wp-json\/wp\/v2\/types\/post"}],"author":[{"embeddable":true,"href":"https:\/\/linitiative.ca\/International\/wp-json\/wp\/v2\/users\/1759"}],"replies":[{"embeddable":true,"href":"https:\/\/linitiative.ca\/International\/wp-json\/wp\/v2\/comments?post=116812"}],"version-history":[{"count":0,"href":"https:\/\/linitiative.ca\/International\/wp-json\/wp\/v2\/posts\/116812\/revisions"}],"wp:attachment":[{"href":"https:\/\/linitiative.ca\/International\/wp-json\/wp\/v2\/media?parent=116812"}],"wp:term":[{"taxonomy":"category","embeddable":true,"href":"https:\/\/linitiative.ca\/International\/wp-json\/wp\/v2\/categories?post=116812"},{"taxonomy":"post_tag","embeddable":true,"href":"https:\/\/linitiative.ca\/International\/wp-json\/wp\/v2\/tags?post=116812"}],"curies":[{"name":"wp","href":"https:\/\/api.w.org\/{rel}","templated":true}]}}