{"id":116817,"date":"2021-05-15T18:54:56","date_gmt":"2021-05-15T22:54:56","guid":{"rendered":"https:\/\/linitiative.ca\/International\/aide-humanitaire-palestine-depart-dun-1er-avion-militaire-vers-amman\/"},"modified":"2021-05-15T18:54:56","modified_gmt":"2021-05-15T22:54:56","slug":"aide-humanitaire-palestine-depart-dun-1er-avion-militaire-vers-amman","status":"publish","type":"post","link":"https:\/\/linitiative.ca\/International\/aide-humanitaire-palestine-depart-dun-1er-avion-militaire-vers-amman\/","title":{"rendered":"Aide humanitaire\/Palestine: D\u00e9part d\u2019un 1er avion militaire vers Amman"},"content":{"rendered":"<div class=\"single-featured\"><img alt=\"\" data-src=\"http:\/\/www.mapoujda.ma\/map\/uploads\/2021\/05\/D\u00e9part-dun-premier-avion-militaire-vers-Amman-750\u00d7430-MAP.jpg\"\/><\/div>\n<div class=\"entry-content clearfix single-post-content single-post-excerpt post-excerpt-bc\" readability=\"40\">\n<p class=\"c4\">Sur Tr\u00e8s Hautes instructions de SM le Roi Mohammed VI, que Dieu L\u2019assiste, un premier avion militaire s\u2019est envol\u00e9, samedi soir de la Base a\u00e9rienne des Forces Royales Air de K\u00e9nitra (3e BAFRA), \u00e0 destination de la capitale Jordanienne Amman, transportant une aide humanitaire d\u2019urgence au profit de la population palestinienne.<\/p>\n<\/div>\n<p>Auteur: Soufiane ELAHMAR<br \/>\n<a href=\"http:\/\/www.mapoujda.ma\/fr\/aide-humanitaire-palestine-depart-dun-1er-avion-militaire-vers-amman\/\">Cliquez ici pour lire l&rsquo;article depuis sa source.<\/a><\/p>\n","protected":false},"excerpt":{"rendered":"<p>Sur Tr\u00e8s Hautes instructions de SM le Roi Mohammed VI, que Dieu L\u2019assiste, un premier avion militaire s\u2019est envol\u00e9, samedi soir de la Base a\u00e9rienne des Forces Royales Air de K\u00e9nitra (3e BAFRA), \u00e0 destination de la capitale Jordanienne Amman, transportant une aide humanitaire d\u2019urgence au profit de la population palestinienne. Auteur: Soufiane ELAHMAR Cliquez [&hellip;]<\/p>\n","protected":false},"author":1788,"featured_media":0,"comment_status":"closed","ping_status":"closed","sticky":false,"template":"","format":"standard","meta":{"fifu_image_url":"http:\/\/www.mapoujda.ma\/map\/uploads\/2021\/05\/D\u00e9part-dun-premier-avion-militaire-vers-Amman-750\u00d7430-MAP.jpg","fifu_image_alt":"Aide humanitaire\/Palestine: D\u00e9part d\u2019un 1er avion militaire vers Amman","footnotes":""},"categories":[54,76],"tags":[],"class_list":["post-116817","post","type-post","status-publish","format-standard","hentry","category-maroc","category-regions"],"_links":{"self":[{"href":"https:\/\/linitiative.ca\/International\/wp-json\/wp\/v2\/posts\/116817","targetHints":{"allow":["GET"]}}],"collection":[{"href":"https:\/\/linitiative.ca\/International\/wp-json\/wp\/v2\/posts"}],"about":[{"href":"https:\/\/linitiative.ca\/International\/wp-json\/wp\/v2\/types\/post"}],"author":[{"embeddable":true,"href":"https:\/\/linitiative.ca\/International\/wp-json\/wp\/v2\/users\/1788"}],"replies":[{"embeddable":true,"href":"https:\/\/linitiative.ca\/International\/wp-json\/wp\/v2\/comments?post=116817"}],"version-history":[{"count":0,"href":"https:\/\/linitiative.ca\/International\/wp-json\/wp\/v2\/posts\/116817\/revisions"}],"wp:attachment":[{"href":"https:\/\/linitiative.ca\/International\/wp-json\/wp\/v2\/media?parent=116817"}],"wp:term":[{"taxonomy":"category","embeddable":true,"href":"https:\/\/linitiative.ca\/International\/wp-json\/wp\/v2\/categories?post=116817"},{"taxonomy":"post_tag","embeddable":true,"href":"https:\/\/linitiative.ca\/International\/wp-json\/wp\/v2\/tags?post=116817"}],"curies":[{"name":"wp","href":"https:\/\/api.w.org\/{rel}","templated":true}]}}