{"id":116818,"date":"2021-05-15T18:57:00","date_gmt":"2021-05-15T22:57:00","guid":{"rendered":"https:\/\/linitiative.ca\/International\/aide-humanitaire-palestine-depart-dun-2e-avion-militaire-vers-amman\/"},"modified":"2021-05-15T18:57:00","modified_gmt":"2021-05-15T22:57:00","slug":"aide-humanitaire-palestine-depart-dun-2e-avion-militaire-vers-amman","status":"publish","type":"post","link":"https:\/\/linitiative.ca\/International\/aide-humanitaire-palestine-depart-dun-2e-avion-militaire-vers-amman\/","title":{"rendered":"Aide humanitaire\/Palestine: D\u00e9part d\u2019un 2e avion militaire vers Amman"},"content":{"rendered":"<p class=\"c4\">Sur Tr\u00e8s Hautes instructions de SM le Roi Mohammed VI, que Dieu L\u2019assiste, un deuxi\u00e8me avion militaire s\u2019est envol\u00e9, samedi soir de la Base a\u00e9rienne des Forces Royales Air de K\u00e9nitra (3e BAFRA), \u00e0 destination de la capitale Jordanienne, Amman, avec \u00e0 son bord une aide humanitaire d\u2019urgence au profit du peuple palestinien.<\/p>\n<p class=\"c4\">Les deux appareils transportent 20 tonnes de produits alimentaires de premi\u00e8re n\u00e9cessit\u00e9, de m\u00e9dicaments de soins d\u2019urgence et de couvertures destin\u00e9es \u00e0 la population palestinienne de Cisjordanie.<\/p>\n<p class=\"c4\">A l\u2019arriv\u00e9e dans la capitale jordanienne, l\u2019aide sera r\u00e9ceptionn\u00e9e par l\u2019ambassadeur de Palestine en Jordanie en pr\u00e9sence de l\u2019ambassadeur du Royaume du Maroc dans ce pays fr\u00e8re et du repr\u00e9sentant de l\u2019association Jordan Hashemite Charity Organization for Relief &amp; Development (JHCO).<\/p>\n<p class=\"c4\">Une cargaison d\u2019aide \u00e9quivalente sera achemin\u00e9e demain \u00e0 bord de deux autres avions \u00e0 destination de la capitale \u00e9gyptienne, Le Caire, avant d\u2019\u00eatre transport\u00e9e vers la Bande de Gaza.<\/p>\n<p class=\"c4\">Sa Majest\u00e9 le Roi Mohammed VI, Que Dieu L\u2019assiste, Pr\u00e9sident du Comit\u00e9 Al-Qods, a bien voulu donner Ses Tr\u00e8s Hautes Instructions pour l\u2019envoi d\u2019une aide humanitaire d\u2019urgence au profit de la population palestinienne en Cisjordanie et dans la bande de Gaza.<\/p>\n<p class=\"c4\">Constitu\u00e9e de 40 tonnes, cette aide humanitaire est compos\u00e9e de produits alimentaires de premi\u00e8re n\u00e9cessit\u00e9 (30 tonnes), de m\u00e9dicaments de soins d\u2019urgence et de couvertures (10 tonnes).<\/p>\n<p class=\"c4\">Cette d\u00e9cision royale s\u2019inscrit dans le cadre du soutien continu du Royaume \u00e0 la Cause palestinienne juste et sa solidarit\u00e9 permanente avec le peuple palestinien fr\u00e8re.<\/p>\n<p>Auteur: Soufiane ELAHMAR<br \/>\n<a href=\"http:\/\/www.mapoujda.ma\/fr\/aide-humanitaire-palestine-depart-dun-2e-avion-militaire-vers-amman\/\">Cliquez ici pour lire l&rsquo;article depuis sa source.<\/a><\/p>\n","protected":false},"excerpt":{"rendered":"<p>Sur Tr\u00e8s Hautes instructions de SM le Roi Mohammed VI, que Dieu L\u2019assiste, un deuxi\u00e8me avion militaire s\u2019est envol\u00e9, samedi soir de la Base a\u00e9rienne des Forces Royales Air de K\u00e9nitra (3e BAFRA), \u00e0 destination de la capitale Jordanienne, Amman, avec \u00e0 son bord une aide humanitaire d\u2019urgence au profit du peuple palestinien. Les deux [&hellip;]<\/p>\n","protected":false},"author":1788,"featured_media":0,"comment_status":"closed","ping_status":"closed","sticky":false,"template":"","format":"standard","meta":{"fifu_image_url":"","fifu_image_alt":"","footnotes":""},"categories":[54,76],"tags":[],"class_list":["post-116818","post","type-post","status-publish","format-standard","hentry","category-maroc","category-regions"],"_links":{"self":[{"href":"https:\/\/linitiative.ca\/International\/wp-json\/wp\/v2\/posts\/116818","targetHints":{"allow":["GET"]}}],"collection":[{"href":"https:\/\/linitiative.ca\/International\/wp-json\/wp\/v2\/posts"}],"about":[{"href":"https:\/\/linitiative.ca\/International\/wp-json\/wp\/v2\/types\/post"}],"author":[{"embeddable":true,"href":"https:\/\/linitiative.ca\/International\/wp-json\/wp\/v2\/users\/1788"}],"replies":[{"embeddable":true,"href":"https:\/\/linitiative.ca\/International\/wp-json\/wp\/v2\/comments?post=116818"}],"version-history":[{"count":0,"href":"https:\/\/linitiative.ca\/International\/wp-json\/wp\/v2\/posts\/116818\/revisions"}],"wp:attachment":[{"href":"https:\/\/linitiative.ca\/International\/wp-json\/wp\/v2\/media?parent=116818"}],"wp:term":[{"taxonomy":"category","embeddable":true,"href":"https:\/\/linitiative.ca\/International\/wp-json\/wp\/v2\/categories?post=116818"},{"taxonomy":"post_tag","embeddable":true,"href":"https:\/\/linitiative.ca\/International\/wp-json\/wp\/v2\/tags?post=116818"}],"curies":[{"name":"wp","href":"https:\/\/api.w.org\/{rel}","templated":true}]}}