{"id":116819,"date":"2021-05-15T19:02:01","date_gmt":"2021-05-15T23:02:01","guid":{"rendered":"https:\/\/linitiative.ca\/International\/la-journee-internationale-de-larganier-celebree-a-lump-doujda\/"},"modified":"2021-05-15T19:02:01","modified_gmt":"2021-05-15T23:02:01","slug":"la-journee-internationale-de-larganier-celebree-a-lump-doujda","status":"publish","type":"post","link":"https:\/\/linitiative.ca\/International\/la-journee-internationale-de-larganier-celebree-a-lump-doujda\/","title":{"rendered":"La Journ\u00e9e internationale de l\u2019arganier c\u00e9l\u00e9br\u00e9e \u00e0 l\u2019UMP d\u2019Oujda"},"content":{"rendered":"<p class=\"c4\">L\u2019Universit\u00e9 Mohammed Premier (UMP) d\u2019Oujda a organis\u00e9 \u00e0 l\u2019occasion de la c\u00e9l\u00e9bration de la premi\u00e8re Journ\u00e9e internationale de l\u2019arganier (10 mai), une journ\u00e9e portes-ouvertes sous le th\u00e8me \u00abL\u2019arganier des Beni Snassen, un patrimoine \u00e0 faire conna\u00eetre\u00bb.<\/p>\n<p class=\"c4\">Cette journ\u00e9e portes-ouvertes a \u00e9t\u00e9 initi\u00e9e en collaboration avec la Direction r\u00e9gionale des Eaux et For\u00eats et de la Lutte contre la d\u00e9sertification, et le Centre r\u00e9gional de la recherche agronomique d\u2019Oujda, pr\u00e9cise l\u2019UMP sur son site web.<\/p>\n<p class=\"c4\">Une s\u00e9rie d\u2019activit\u00e9s ont marqu\u00e9 cet \u00e9v\u00e9nement qui s\u2019est d\u00e9roul\u00e9 en pr\u00e9sence du Wali de la r\u00e9gion de l\u2019Oriental et gouverneur de la pr\u00e9fecture d\u2019Oujda Angad, Mouad El Jamai, du pr\u00e9sident de l\u2019UMP, Yassine Zarhloule et d\u2019autres personnalit\u00e9s, dont la plantation symbolique d\u2019un arbre d\u2019arganier au sein de la pr\u00e9sidence de l\u2019universit\u00e9.<\/p>\n<p class=\"c4\">La c\u00e9l\u00e9bration de cette premi\u00e8re journ\u00e9e a connu aussi l\u2019organisation d\u2019une exposition dans l\u2019objectif d\u2019informer et sensibiliser sur les sp\u00e9cificit\u00e9s, l\u2019importance et l\u2019int\u00e9r\u00eat de cette essence rare, et de l\u2019imp\u00e9ratif de la sauvegarde, la protection et la valorisation de ce patrimoine.<\/p>\n<p class=\"c4\">Il a \u00e9t\u00e9 \u00e9galement proc\u00e9d\u00e9 par la m\u00eame occasion \u00e0 la livraison de 3.000 plants d\u2019arganier produits \u00e0 la station exp\u00e9rimentale de la facult\u00e9 des sciences d\u2019Oujda \u00e0 la Direction des Eaux et For\u00eats et de la Lutte contre la d\u00e9sertification en vue de leur plantation au niveau du territoire de la commune de Chouihia dans la province de Berkane.<\/p>\n<p><img class=\"wp-image-28881 aligncenter\" data-src=\"http:\/\/www.mapoujda.ma\/map\/uploads\/2021\/05\/La-Journ\u00e9e-internationale-de-larganier-c\u00e9l\u00e9br\u00e9e-\u00e0-lUMP-d\u2019Oujda-2-750\u00d7430-MAP.jpg\" alt=\"\" width=\"576\" height=\"330\" srcset=\"http:\/\/www.mapoujda.ma\/map\/uploads\/2021\/05\/La-Journ\u00e9e-internationale-de-larganier-c\u00e9l\u00e9br\u00e9e-\u00e0-lUMP-d\u2019Oujda-2-750\u00d7430-MAP.jpg 750w, http:\/\/www.mapoujda.ma\/map\/uploads\/2021\/05\/La-Journ\u00e9e-internationale-de-larganier-c\u00e9l\u00e9br\u00e9e-\u00e0-lUMP-d\u2019Oujda-2-750\u00d7430-MAP-300x172.jpg 300w\" sizes=\"(max-width: 576px) 100vw, 576px\"\/><\/p>\n<p class=\"c4\">L\u2019UMP fait savoir dans ce sens que la p\u00e9pini\u00e8re de la facult\u00e9 des sciences est le fruit d\u2019un long processus de recherches et de suivi scientifiques, lanc\u00e9 il y a environ 20 ans, sous la supervision d\u2019une pl\u00e9iade d\u2019experts et de professeurs chercheurs dans ce domaine et avec la participation d\u2019un groupe d\u2019\u00e9tudiants chercheurs.<\/p>\n<p class=\"c4\">Leurs travaux de recherche ont \u00e9t\u00e9 ax\u00e9s sur les diff\u00e9rents aspects et caract\u00e9ristiques li\u00e9s \u00e0 cet arbre end\u00e9mique \u00e0 usages multiples afin de contribuer \u00e0 sa pr\u00e9servation et \u00e0 son d\u00e9veloppement (moyens et techniques de r\u00e9g\u00e9n\u00e9ration, les conditions climatiques, \u2026). L\u2019objectif trac\u00e9 est de relever le d\u00e9fi de production de 60.000 plants au niveau de la station exp\u00e9rimentale \u00e0 l\u2019horizon 2023.<\/p>\n<p class=\"c4\">L\u2019op\u00e9ration de livraison de 3.000 plants d\u2019arganier produits par ce groupe de chercheurs n\u2019est pas la premi\u00e8re puisqu\u2019un autre lot de 3.000 plants a \u00e9t\u00e9 livr\u00e9 auparavant, indique la m\u00eame source, notant que cette initiative s\u2019inscrit dans le sillage de l\u2019engagement de l\u2019UMP dans les grands chantiers de d\u00e9veloppement et de son ouverture sur son environnement socio-\u00e9conomique.<\/p>\n<p class=\"c4\">Bien que contenu dans une aire g\u00e9ographique infiniment plus r\u00e9duite que celle o\u00f9 prosp\u00e8re cet arbre mythique dans le Sud du Maroc et ne comptabilisant qu\u2019un faible effectif d\u2019environ 1.300 arbres productifs, l\u2019arganier de l\u2019Oriental contribue \u00e0 la diversit\u00e9 et la richesse du patrimoine naturel et \u00e9cologique de la r\u00e9gion.<\/p>\n<p class=\"c4\">De l\u2019avis des experts, le potentiel de cette fili\u00e8re va bien au-del\u00e0 de l\u2019\u00e9tat actuel de cette essence end\u00e9mique, et il est possible de faire de l\u2019arganier un v\u00e9ritable levier pour le d\u00e9veloppement local, \u00e0 condition de pr\u00e9server cette esp\u00e8ce et de proc\u00e9der \u00e0 une mont\u00e9e en gamme de cette fili\u00e8re notamment par la densification de l\u2019effectif de l\u2019arganier.<\/p>\n<p class=\"c4\">L\u2019UMP souligne par ailleurs que la comm\u00e9moration de cette premi\u00e8re Journ\u00e9e, \u00e0 l\u2019\u00e9chelon national et international, est une reconnaissance internationale des efforts du Royaume, sous les Hautes Orientations de SM le Roi Mohammed VI dans la protection et la valorisation de l\u2019arganier, cet arbre \u00e0 grande valeur \u00e9cologique, th\u00e9rapeutique et cosm\u00e9tique.<\/p>\n<p>Auteur: Soufiane ELAHMAR<br \/>\n<a href=\"http:\/\/www.mapoujda.ma\/fr\/la-journee-internationale-de-larganier-celebree-a-lump-doujda\/\">Cliquez ici pour lire l&rsquo;article depuis sa source.<\/a><\/p>\n","protected":false},"excerpt":{"rendered":"<p>L\u2019Universit\u00e9 Mohammed Premier (UMP) d\u2019Oujda a organis\u00e9 \u00e0 l\u2019occasion de la c\u00e9l\u00e9bration de la premi\u00e8re Journ\u00e9e internationale de l\u2019arganier (10 mai), une journ\u00e9e portes-ouvertes sous le th\u00e8me \u00abL\u2019arganier des Beni Snassen, un patrimoine \u00e0 faire conna\u00eetre\u00bb. Cette journ\u00e9e portes-ouvertes a \u00e9t\u00e9 initi\u00e9e en collaboration avec la Direction r\u00e9gionale des Eaux et For\u00eats et de la [&hellip;]<\/p>\n","protected":false},"author":1788,"featured_media":0,"comment_status":"closed","ping_status":"closed","sticky":false,"template":"","format":"standard","meta":{"fifu_image_url":"http:\/\/www.mapoujda.ma\/map\/uploads\/2021\/05\/La-Journ\u00e9e-internationale-de-larganier-c\u00e9l\u00e9br\u00e9e-\u00e0-lUMP-d\u2019Oujda-2-750\u00d7430-MAP.jpg","fifu_image_alt":"La Journ\u00e9e internationale de l\u2019arganier c\u00e9l\u00e9br\u00e9e \u00e0 l\u2019UMP d\u2019Oujda","footnotes":""},"categories":[54,76],"tags":[],"class_list":["post-116819","post","type-post","status-publish","format-standard","hentry","category-maroc","category-regions"],"_links":{"self":[{"href":"https:\/\/linitiative.ca\/International\/wp-json\/wp\/v2\/posts\/116819","targetHints":{"allow":["GET"]}}],"collection":[{"href":"https:\/\/linitiative.ca\/International\/wp-json\/wp\/v2\/posts"}],"about":[{"href":"https:\/\/linitiative.ca\/International\/wp-json\/wp\/v2\/types\/post"}],"author":[{"embeddable":true,"href":"https:\/\/linitiative.ca\/International\/wp-json\/wp\/v2\/users\/1788"}],"replies":[{"embeddable":true,"href":"https:\/\/linitiative.ca\/International\/wp-json\/wp\/v2\/comments?post=116819"}],"version-history":[{"count":0,"href":"https:\/\/linitiative.ca\/International\/wp-json\/wp\/v2\/posts\/116819\/revisions"}],"wp:attachment":[{"href":"https:\/\/linitiative.ca\/International\/wp-json\/wp\/v2\/media?parent=116819"}],"wp:term":[{"taxonomy":"category","embeddable":true,"href":"https:\/\/linitiative.ca\/International\/wp-json\/wp\/v2\/categories?post=116819"},{"taxonomy":"post_tag","embeddable":true,"href":"https:\/\/linitiative.ca\/International\/wp-json\/wp\/v2\/tags?post=116819"}],"curies":[{"name":"wp","href":"https:\/\/api.w.org\/{rel}","templated":true}]}}