{"id":116820,"date":"2021-05-16T09:43:53","date_gmt":"2021-05-16T13:43:53","guid":{"rendered":"https:\/\/linitiative.ca\/International\/laide-humanitaire-aux-palestiniens-reaffirme-le-soutien-historique-du-maroc-a-la-cause-palestinienne-juste\/"},"modified":"2021-05-16T09:43:53","modified_gmt":"2021-05-16T13:43:53","slug":"laide-humanitaire-aux-palestiniens-reaffirme-le-soutien-historique-du-maroc-a-la-cause-palestinienne-juste","status":"publish","type":"post","link":"https:\/\/linitiative.ca\/International\/laide-humanitaire-aux-palestiniens-reaffirme-le-soutien-historique-du-maroc-a-la-cause-palestinienne-juste\/","title":{"rendered":"L\u2019aide humanitaire aux Palestiniens r\u00e9affirme le soutien historique du Maroc \u00e0 la cause palestinienne juste"},"content":{"rendered":"<p class=\"c4\">L\u2019envoi d\u2019une aide humanitaire d\u2019urgence aux Palestiniens, sur Tr\u00e8s Hautes Instructions de SM le Roi Mohammed VI, Pr\u00e9sident du Comit\u00e9 Al-Qods, r\u00e9affirme l\u2019engagement historique du Maroc en faveur de la cause palestinienne juste, a soulign\u00e9 le pr\u00e9sident du Centre Orient pour les \u00e9tudes et les recherches \u00e0 Guercif, Fouad Rbaa.<\/p>\n<p class=\"c4\">Cette d\u00e9cision royale s\u2019inscrit dans la droite ligne du soutien perp\u00e9tuel du Royaume \u00e0 la cause palestinienne juste et de sa solidarit\u00e9 avec le peuple palestinien fr\u00e8re, a affirm\u00e9 ce chercheur sp\u00e9cialiste des relations internationales dans une d\u00e9claration \u00e0 la Map.<\/p>\n<p class=\"c4\">Il a fait remarquer dans ce contexte que la position du Maroc \u00e9tait claire d\u00e8s le d\u00e9but des agressions isra\u00e9liennes dans les territoires palestiniens occup\u00e9s, rappelant que le Royaume du Maroc avait d\u00e9nonc\u00e9, dans les termes les plus fermes, \u00ables violences perp\u00e9tr\u00e9es dans les territoires palestiniens occup\u00e9s, et dont la poursuite ne m\u00e8ne qu\u2019\u00e0 creuser le foss\u00e9, renforcer les ranc\u0153urs et \u00e9loigner d\u2019autant les chances de paix dans la r\u00e9gion\u2019\u2019.<\/p>\n<p class=\"c4\">M. Rbaa a ajout\u00e9 que le Royaume du Maroc, qui place la cause palestinienne au sommet de ses pr\u00e9occupations, a aussi r\u00e9it\u00e9r\u00e9 qu\u2019il reste \u00abfid\u00e8le \u00e0 son attachement \u00e0 la r\u00e9alisation de la solution des deux \u00c9tats, vivant c\u00f4te-\u00e0-c\u00f4te dans la paix et la s\u00e9curit\u00e9, passant par la cr\u00e9ation d\u2019un Etat palestinien dans les fronti\u00e8res du 4 juin 1967, avec J\u00e9rusalem Est pour capitale\u00bb.<\/p>\n<p class=\"c4\">Notant que l\u2019aide humanitaire aux Palestiniens est constitu\u00e9e de 40 tonnes et compos\u00e9e de produits alimentaires de premi\u00e8re n\u00e9cessit\u00e9, de m\u00e9dicaments de soins d\u2019urgence et de couvertures, il a relev\u00e9 que ce soutien concret confirme sans \u00e9quivoque que la question palestinienne \u00e9tait et reste parmi les priorit\u00e9s de la politique \u00e9trang\u00e8re du Maroc et traduit l\u2019un des principes de la solidarit\u00e9 islamique du Maroc.<\/p>\n<p class=\"c4\">\u00abLe Maroc, Roi et peuple, a toujours r\u00e9it\u00e9r\u00e9 son soutien total au peuple palestinien pour le recouvrement de tous ses droits l\u00e9gitimes\u00bb, a-t-il dit, mettant l\u2019accent sur les relations s\u00e9culaires et profondes entre le Royaume et la Palestine.<\/p>\n<p class=\"c4\">Il a par ailleurs rappel\u00e9 que lors d\u2019un entretien t\u00e9l\u00e9phonique, en d\u00e9cembre dernier, avec le pr\u00e9sident de l\u2019Autorit\u00e9 Nationale Palestinienne, Mahmoud Abbas Abou Mazen, le Souverain avait r\u00e9affirm\u00e9 que Sa position soutenant la cause palestinienne demeure inchang\u00e9e et que le Maroc soutient la solution \u00e0 deux \u00c9tats et que les n\u00e9gociations entre les parties palestinienne et isra\u00e9lienne sont la seule voie pour parvenir \u00e0 une solution d\u00e9finitive, durable et globale \u00e0 ce conflit.<\/p>\n<p class=\"c4\">Dans cette m\u00eame veine, M. Rbaa a mis en avant les r\u00e9alisations \u00e0 fort impact social accomplies par l\u2019Agence Bayt Mal Al-Qods Acharif, bras op\u00e9rationnel du Comit\u00e9 d\u2019Al-Qods pr\u00e9sid\u00e9 par SM le Roi Mohammed VI.<\/p>\n<p>Auteur: Soufiane ELAHMAR<br \/>\n<a href=\"http:\/\/www.mapoujda.ma\/fr\/laide-humanitaire-aux-palestiniens-reaffirme-le-soutien-historique-du-maroc-a-la-cause-palestinienne-juste\/\">Cliquez ici pour lire l&rsquo;article depuis sa source.<\/a><\/p>\n","protected":false},"excerpt":{"rendered":"<p>L\u2019envoi d\u2019une aide humanitaire d\u2019urgence aux Palestiniens, sur Tr\u00e8s Hautes Instructions de SM le Roi Mohammed VI, Pr\u00e9sident du Comit\u00e9 Al-Qods, r\u00e9affirme l\u2019engagement historique du Maroc en faveur de la cause palestinienne juste, a soulign\u00e9 le pr\u00e9sident du Centre Orient pour les \u00e9tudes et les recherches \u00e0 Guercif, Fouad Rbaa. Cette d\u00e9cision royale s\u2019inscrit dans [&hellip;]<\/p>\n","protected":false},"author":1788,"featured_media":0,"comment_status":"closed","ping_status":"closed","sticky":false,"template":"","format":"standard","meta":{"fifu_image_url":"","fifu_image_alt":"","footnotes":""},"categories":[54,76],"tags":[],"class_list":["post-116820","post","type-post","status-publish","format-standard","hentry","category-maroc","category-regions"],"_links":{"self":[{"href":"https:\/\/linitiative.ca\/International\/wp-json\/wp\/v2\/posts\/116820","targetHints":{"allow":["GET"]}}],"collection":[{"href":"https:\/\/linitiative.ca\/International\/wp-json\/wp\/v2\/posts"}],"about":[{"href":"https:\/\/linitiative.ca\/International\/wp-json\/wp\/v2\/types\/post"}],"author":[{"embeddable":true,"href":"https:\/\/linitiative.ca\/International\/wp-json\/wp\/v2\/users\/1788"}],"replies":[{"embeddable":true,"href":"https:\/\/linitiative.ca\/International\/wp-json\/wp\/v2\/comments?post=116820"}],"version-history":[{"count":0,"href":"https:\/\/linitiative.ca\/International\/wp-json\/wp\/v2\/posts\/116820\/revisions"}],"wp:attachment":[{"href":"https:\/\/linitiative.ca\/International\/wp-json\/wp\/v2\/media?parent=116820"}],"wp:term":[{"taxonomy":"category","embeddable":true,"href":"https:\/\/linitiative.ca\/International\/wp-json\/wp\/v2\/categories?post=116820"},{"taxonomy":"post_tag","embeddable":true,"href":"https:\/\/linitiative.ca\/International\/wp-json\/wp\/v2\/tags?post=116820"}],"curies":[{"name":"wp","href":"https:\/\/api.w.org\/{rel}","templated":true}]}}