{"id":116821,"date":"2021-05-16T10:21:27","date_gmt":"2021-05-16T14:21:27","guid":{"rendered":"https:\/\/linitiative.ca\/International\/jordanie-arrivee-du-2eme-lot-de-laide-au-profit-des-palestiniens\/"},"modified":"2021-05-16T10:21:27","modified_gmt":"2021-05-16T14:21:27","slug":"jordanie-arrivee-du-2eme-lot-de-laide-au-profit-des-palestiniens","status":"publish","type":"post","link":"https:\/\/linitiative.ca\/International\/jordanie-arrivee-du-2eme-lot-de-laide-au-profit-des-palestiniens\/","title":{"rendered":"Jordanie: Arriv\u00e9e du 2\u00e8me lot de l\u2019aide au profit des Palestiniens"},"content":{"rendered":"<div class=\"single-featured\"><img alt=\"\" data-src=\"http:\/\/www.mapoujda.ma\/map\/uploads\/2021\/05\/aide-arriv\u00e9e-2\u00e8me-lot-palestine-1-1.jpg\"\/><\/div>\n<div class=\"entry-content clearfix single-post-content\" readability=\"62\">\n<p class=\"c4\">Le deuxi\u00e8me lot de l\u2019aide humanitaire d\u2019urgence, envoy\u00e9e par le Maroc sur Tr\u00e8s Hautes Instructions de Sa Majest\u00e9 le Roi Mohammed VI, Pr\u00e9sident du Comit\u00e9 Al-Qods, \u00e0 la population palestinienne en Cisjordanie et dans la bande de Gaza, est arriv\u00e9 dimanche \u00e0 l\u2019a\u00e9roport d\u2019Amman, \u00e0 bord d\u2019un avion des Forces Arm\u00e9es Royales (FAR).<\/p>\n<p class=\"c4\">La r\u00e9ception de l\u2019aide humanitaire, constitu\u00e9e de produits alimentaires de premi\u00e8re n\u00e9cessit\u00e9, de m\u00e9dicaments de soins d\u2019urgence et de couvertures, s\u2019est d\u00e9roul\u00e9e en pr\u00e9sence de l\u2019ambassadeur du Maroc en jordanie, Khalid Naciri, du repr\u00e9sentant de Jordan Hashemite Charity Organization (JHCO), ainsi que du repr\u00e9sentant de l\u2019ambassade de Palestine en Jordanie.<\/p>\n<p class=\"c4\">Un avion des FAR acheminant le premier lot de cette aide avait atterri plus t\u00f4t dans la journ\u00e9e au m\u00eame a\u00e9roport, alors que deux autres devront d\u00e9coller de K\u00e9nitra en direction du Caire.<\/p>\n<p class=\"c4\">Sa Majest\u00e9 le Roi Mohammed VI avait bien voulu donner Ses Tr\u00e8s Hautes Instructions pour l\u2019envoi d\u2019une aide humanitaire d\u2019urgence au profit de la population palestinienne en Cisjordanie et dans la bande de Gaza.<\/p>\n<p class=\"c4\">La d\u00e9cision de Sa Majest\u00e9 le Roi Mohammed VI s\u2019inscrit dans le cadre du soutien continu du Royaume \u00e0 la Cause palestinienne juste et sa solidarit\u00e9 permanente avec le peuple palestinien fr\u00e8re.<\/p>\n<\/div>\n<p>Auteur: Soufiane ELAHMAR<br \/>\n<a href=\"http:\/\/www.mapoujda.ma\/fr\/jordanie-arrivee-du-2eme-lot-de-laide-au-profit-des-palestiniens\/\">Cliquez ici pour lire l&rsquo;article depuis sa source.<\/a><\/p>\n","protected":false},"excerpt":{"rendered":"<p>Le deuxi\u00e8me lot de l\u2019aide humanitaire d\u2019urgence, envoy\u00e9e par le Maroc sur Tr\u00e8s Hautes Instructions de Sa Majest\u00e9 le Roi Mohammed VI, Pr\u00e9sident du Comit\u00e9 Al-Qods, \u00e0 la population palestinienne en Cisjordanie et dans la bande de Gaza, est arriv\u00e9 dimanche \u00e0 l\u2019a\u00e9roport d\u2019Amman, \u00e0 bord d\u2019un avion des Forces Arm\u00e9es Royales (FAR). La r\u00e9ception [&hellip;]<\/p>\n","protected":false},"author":1788,"featured_media":0,"comment_status":"closed","ping_status":"closed","sticky":false,"template":"","format":"standard","meta":{"fifu_image_url":"http:\/\/www.mapoujda.ma\/map\/uploads\/2021\/05\/aide-arriv\u00e9e-2\u00e8me-lot-palestine-1-1.jpg","fifu_image_alt":"Jordanie: Arriv\u00e9e du 2\u00e8me lot de l\u2019aide au profit des Palestiniens","footnotes":""},"categories":[54,76],"tags":[],"class_list":["post-116821","post","type-post","status-publish","format-standard","hentry","category-maroc","category-regions"],"_links":{"self":[{"href":"https:\/\/linitiative.ca\/International\/wp-json\/wp\/v2\/posts\/116821","targetHints":{"allow":["GET"]}}],"collection":[{"href":"https:\/\/linitiative.ca\/International\/wp-json\/wp\/v2\/posts"}],"about":[{"href":"https:\/\/linitiative.ca\/International\/wp-json\/wp\/v2\/types\/post"}],"author":[{"embeddable":true,"href":"https:\/\/linitiative.ca\/International\/wp-json\/wp\/v2\/users\/1788"}],"replies":[{"embeddable":true,"href":"https:\/\/linitiative.ca\/International\/wp-json\/wp\/v2\/comments?post=116821"}],"version-history":[{"count":0,"href":"https:\/\/linitiative.ca\/International\/wp-json\/wp\/v2\/posts\/116821\/revisions"}],"wp:attachment":[{"href":"https:\/\/linitiative.ca\/International\/wp-json\/wp\/v2\/media?parent=116821"}],"wp:term":[{"taxonomy":"category","embeddable":true,"href":"https:\/\/linitiative.ca\/International\/wp-json\/wp\/v2\/categories?post=116821"},{"taxonomy":"post_tag","embeddable":true,"href":"https:\/\/linitiative.ca\/International\/wp-json\/wp\/v2\/tags?post=116821"}],"curies":[{"name":"wp","href":"https:\/\/api.w.org\/{rel}","templated":true}]}}