{"id":116824,"date":"2021-05-16T09:36:23","date_gmt":"2021-05-16T13:36:23","guid":{"rendered":"https:\/\/linitiative.ca\/International\/real-madrid-zidane-sur-le-depart\/"},"modified":"2021-05-16T09:36:23","modified_gmt":"2021-05-16T13:36:23","slug":"real-madrid-zidane-sur-le-depart","status":"publish","type":"post","link":"https:\/\/linitiative.ca\/International\/real-madrid-zidane-sur-le-depart\/","title":{"rendered":"Real Madrid: Zidane sur le d\u00e9part"},"content":{"rendered":"<p class=\"rtejustify\">L\u2019entra\u00eeneur du Real Madrid, le Fran\u00e7ais Zinedine Zidane, devrait diriger ses deux derniers matchs \u00e0 la t\u00eate des Merengues. Le Fran\u00e7ais va quitter l\u2019\u00e9quipe de la capitale espagnole \u00e0 la fin de cette saison, rapporte, dimanche, la radio espagnole \u00ab\u00a0Onda Cero\u00a0\u00bb. Le champion du monde 1998 aurait annonc\u00e9 cette d\u00e9cision \u00e0 ses joueurs avant le match contre FC S\u00e9ville, disput\u00e9 dimanche dernier au stade Alfredo Di St\u00e9fano et qui s\u2019est sold\u00e9 par un nul (2-2), pr\u00e9cise-t-on. Cette information a \u00e9t\u00e9 confirm\u00e9e \u00e9galement par le quotidien sp\u00e9cialis\u00e9 proche du Real Madrid \u00ab\u00a0Marca\u00a0\u00bb.<\/p>\n<p class=\"rtejustify\">Le Real, deuxi\u00e8me de la Liga, doit disputer ce dimanche son 37e match de la saison en Liga. L&rsquo;\u00e9quipe garde une petite chance d&rsquo;\u00eatre championne.<\/p>\n<p>Auteur: hgueye<br \/>\n<a href=\"https:\/\/www.leconomiste.com\/flash-infos\/real-madrid-zidane-sur-le-depart\">Cliquez ici pour lire l&rsquo;article depuis sa source.<\/a><\/p>\n","protected":false},"excerpt":{"rendered":"<p>L\u2019entra\u00eeneur du Real Madrid, le Fran\u00e7ais Zinedine Zidane, devrait diriger ses deux derniers matchs \u00e0 la t\u00eate des Merengues. Le Fran\u00e7ais va quitter l\u2019\u00e9quipe de la capitale espagnole \u00e0 la fin de cette saison, rapporte, dimanche, la radio espagnole \u00ab\u00a0Onda Cero\u00a0\u00bb. Le champion du monde 1998 aurait annonc\u00e9 cette d\u00e9cision \u00e0 ses joueurs avant le [&hellip;]<\/p>\n","protected":false},"author":1763,"featured_media":0,"comment_status":"closed","ping_status":"closed","sticky":false,"template":"","format":"standard","meta":{"fifu_image_url":"","fifu_image_alt":"","footnotes":""},"categories":[78,54],"tags":[],"class_list":["post-116824","post","type-post","status-publish","format-standard","hentry","category-economie","category-maroc"],"_links":{"self":[{"href":"https:\/\/linitiative.ca\/International\/wp-json\/wp\/v2\/posts\/116824","targetHints":{"allow":["GET"]}}],"collection":[{"href":"https:\/\/linitiative.ca\/International\/wp-json\/wp\/v2\/posts"}],"about":[{"href":"https:\/\/linitiative.ca\/International\/wp-json\/wp\/v2\/types\/post"}],"author":[{"embeddable":true,"href":"https:\/\/linitiative.ca\/International\/wp-json\/wp\/v2\/users\/1763"}],"replies":[{"embeddable":true,"href":"https:\/\/linitiative.ca\/International\/wp-json\/wp\/v2\/comments?post=116824"}],"version-history":[{"count":0,"href":"https:\/\/linitiative.ca\/International\/wp-json\/wp\/v2\/posts\/116824\/revisions"}],"wp:attachment":[{"href":"https:\/\/linitiative.ca\/International\/wp-json\/wp\/v2\/media?parent=116824"}],"wp:term":[{"taxonomy":"category","embeddable":true,"href":"https:\/\/linitiative.ca\/International\/wp-json\/wp\/v2\/categories?post=116824"},{"taxonomy":"post_tag","embeddable":true,"href":"https:\/\/linitiative.ca\/International\/wp-json\/wp\/v2\/tags?post=116824"}],"curies":[{"name":"wp","href":"https:\/\/api.w.org\/{rel}","templated":true}]}}