{"id":116826,"date":"2021-05-16T12:41:33","date_gmt":"2021-05-16T16:41:33","guid":{"rendered":"https:\/\/linitiative.ca\/International\/la-vaccination-anti-covid-elargie-aux-45-50-ans\/"},"modified":"2021-05-16T12:41:33","modified_gmt":"2021-05-16T16:41:33","slug":"la-vaccination-anti-covid-elargie-aux-45-50-ans","status":"publish","type":"post","link":"https:\/\/linitiative.ca\/International\/la-vaccination-anti-covid-elargie-aux-45-50-ans\/","title":{"rendered":"La vaccination anti-Covid \u00e9largie aux 45-50 ans"},"content":{"rendered":"<p class=\"rtejustify\">Le minist\u00e8re de la Sant\u00e9 a annonc\u00e9, dimanche,, l&rsquo;\u00e9largissement de\u00a0la\u00a0vaccination contre le nouveau coronavirus aux personnes \u00e2g\u00e9es de 45-50 ans. \u00ab\u00a0Il a \u00e9t\u00e9 d\u00e9cid\u00e9 d&rsquo;\u00e9tendre la campagne\u00a0nationale de vaccination aux citoyennes et citoyens \u00e2g\u00e9s de 45 \u00e0 50 ans\u00a0\u00bb, a indiqu\u00e9 le d\u00e9partement, appelant les citoyens concern\u00e9s \u00e0\u00a0continuer de participer \u00e0 ce grand chantier national, dans le but de parvenir \u00e0 l&rsquo;immunit\u00e9 collective.<\/p>\n<p class=\"rtejustify\">\u00a0<\/p>\n<p>Auteur: hgueye<br \/>\n<a href=\"https:\/\/www.leconomiste.com\/flash-infos\/vaccination-anti-covid-elargie-aux-45-50-ans\">Cliquez ici pour lire l&rsquo;article depuis sa source.<\/a><\/p>\n","protected":false},"excerpt":{"rendered":"<p>Le minist\u00e8re de la Sant\u00e9 a annonc\u00e9, dimanche,, l&rsquo;\u00e9largissement de\u00a0la\u00a0vaccination contre le nouveau coronavirus aux personnes \u00e2g\u00e9es de 45-50 ans. \u00ab\u00a0Il a \u00e9t\u00e9 d\u00e9cid\u00e9 d&rsquo;\u00e9tendre la campagne\u00a0nationale de vaccination aux citoyennes et citoyens \u00e2g\u00e9s de 45 \u00e0 50 ans\u00a0\u00bb, a indiqu\u00e9 le d\u00e9partement, appelant les citoyens concern\u00e9s \u00e0\u00a0continuer de participer \u00e0 ce grand chantier national, [&hellip;]<\/p>\n","protected":false},"author":1763,"featured_media":0,"comment_status":"closed","ping_status":"closed","sticky":false,"template":"","format":"standard","meta":{"fifu_image_url":"","fifu_image_alt":"","footnotes":""},"categories":[78,54],"tags":[],"class_list":["post-116826","post","type-post","status-publish","format-standard","hentry","category-economie","category-maroc"],"_links":{"self":[{"href":"https:\/\/linitiative.ca\/International\/wp-json\/wp\/v2\/posts\/116826","targetHints":{"allow":["GET"]}}],"collection":[{"href":"https:\/\/linitiative.ca\/International\/wp-json\/wp\/v2\/posts"}],"about":[{"href":"https:\/\/linitiative.ca\/International\/wp-json\/wp\/v2\/types\/post"}],"author":[{"embeddable":true,"href":"https:\/\/linitiative.ca\/International\/wp-json\/wp\/v2\/users\/1763"}],"replies":[{"embeddable":true,"href":"https:\/\/linitiative.ca\/International\/wp-json\/wp\/v2\/comments?post=116826"}],"version-history":[{"count":0,"href":"https:\/\/linitiative.ca\/International\/wp-json\/wp\/v2\/posts\/116826\/revisions"}],"wp:attachment":[{"href":"https:\/\/linitiative.ca\/International\/wp-json\/wp\/v2\/media?parent=116826"}],"wp:term":[{"taxonomy":"category","embeddable":true,"href":"https:\/\/linitiative.ca\/International\/wp-json\/wp\/v2\/categories?post=116826"},{"taxonomy":"post_tag","embeddable":true,"href":"https:\/\/linitiative.ca\/International\/wp-json\/wp\/v2\/tags?post=116826"}],"curies":[{"name":"wp","href":"https:\/\/api.w.org\/{rel}","templated":true}]}}