{"id":116827,"date":"2021-05-16T15:14:08","date_gmt":"2021-05-16T19:14:08","guid":{"rendered":"https:\/\/linitiative.ca\/International\/afrique-lalgerie-organisera-la-can-2023-des-u17\/"},"modified":"2021-05-16T15:14:08","modified_gmt":"2021-05-16T19:14:08","slug":"afrique-lalgerie-organisera-la-can-2023-des-u17","status":"publish","type":"post","link":"https:\/\/linitiative.ca\/International\/afrique-lalgerie-organisera-la-can-2023-des-u17\/","title":{"rendered":"Afrique : L\u2019Alg\u00e9rie organisera la CAN 2023 des U17"},"content":{"rendered":"<div readability=\"32\">\n<p>Auteur : <span class=\"time\">dimanche 16 mai 2021 12:16<\/span><\/p>\n<\/div>\n<div id=\"post_core\" readability=\"38\">\n<p>L\u2019\u00e9dition 2023 de la Coupe d&rsquo;Afrique des nations des moins de 17 ans (U17) aura lieu en Alg\u00e9rie. C\u2019est ce qui a \u00e9t\u00e9 d\u00e9cid\u00e9 lors de la r\u00e9union du Comit\u00e9 ex\u00e9cutif de la Conf\u00e9d\u00e9ration Africaine de football (CAF), tenue samedi \u00e0 Kigali (Rwanda). Dans son dossier de candidature, la F\u00e9d\u00e9ration alg\u00e9rienne de football (FAF) a retenu le nouveau stade d&rsquo;Oran, le stade du 5 Juillet (Alger) et le stade Mustapha-Tchaker (Blida).\u00a0<\/p>\n<p><strong>Publi\u00e9 dans :<\/strong> <span>CAN 2023<\/span><\/p>\n<\/div>\n<p>Auteur:<br \/>\n<a href=\"http:\/\/www.lebuteur.com\/article\/detail?titre=lalgerie-organisera-la-can-2023-des-u17&#038;id=100075&#038;utm_source=feedburner&#038;utm_medium=feed&#038;utm_campaign=Feed%3A+GalerieFArtciles+%28Les+derniers+articles++-+lebuteur.com%29\">Cliquez ici pour lire l&rsquo;article depuis sa source.<\/a><\/p>\n","protected":false},"excerpt":{"rendered":"<p>Auteur : dimanche 16 mai 2021 12:16 L\u2019\u00e9dition 2023 de la Coupe d&rsquo;Afrique des nations des moins de 17 ans (U17) aura lieu en Alg\u00e9rie. C\u2019est ce qui a \u00e9t\u00e9 d\u00e9cid\u00e9 lors de la r\u00e9union du Comit\u00e9 ex\u00e9cutif de la Conf\u00e9d\u00e9ration Africaine de football (CAF), tenue samedi \u00e0 Kigali (Rwanda). Dans son dossier de candidature, [&hellip;]<\/p>\n","protected":false},"author":1738,"featured_media":0,"comment_status":"closed","ping_status":"closed","sticky":false,"template":"","format":"standard","meta":{"fifu_image_url":"\/\/cdn.lebuteur.com\/data\/images\/article\/thumbs\/large-lalgerie-organisera-la-can-2023-des-u17-b6b62.jpg","fifu_image_alt":"Afrique : L\u2019Alg\u00e9rie organisera la CAN 2023 des U17","footnotes":""},"categories":[53,75],"tags":[],"class_list":["post-116827","post","type-post","status-publish","format-standard","hentry","category-algerie","category-sport"],"_links":{"self":[{"href":"https:\/\/linitiative.ca\/International\/wp-json\/wp\/v2\/posts\/116827","targetHints":{"allow":["GET"]}}],"collection":[{"href":"https:\/\/linitiative.ca\/International\/wp-json\/wp\/v2\/posts"}],"about":[{"href":"https:\/\/linitiative.ca\/International\/wp-json\/wp\/v2\/types\/post"}],"author":[{"embeddable":true,"href":"https:\/\/linitiative.ca\/International\/wp-json\/wp\/v2\/users\/1738"}],"replies":[{"embeddable":true,"href":"https:\/\/linitiative.ca\/International\/wp-json\/wp\/v2\/comments?post=116827"}],"version-history":[{"count":0,"href":"https:\/\/linitiative.ca\/International\/wp-json\/wp\/v2\/posts\/116827\/revisions"}],"wp:attachment":[{"href":"https:\/\/linitiative.ca\/International\/wp-json\/wp\/v2\/media?parent=116827"}],"wp:term":[{"taxonomy":"category","embeddable":true,"href":"https:\/\/linitiative.ca\/International\/wp-json\/wp\/v2\/categories?post=116827"},{"taxonomy":"post_tag","embeddable":true,"href":"https:\/\/linitiative.ca\/International\/wp-json\/wp\/v2\/tags?post=116827"}],"curies":[{"name":"wp","href":"https:\/\/api.w.org\/{rel}","templated":true}]}}