{"id":116829,"date":"2021-05-16T15:14:11","date_gmt":"2021-05-16T19:14:11","guid":{"rendered":"https:\/\/linitiative.ca\/International\/pros-besiktas-rachid-ghezzal-nie-les-rumeurs\/"},"modified":"2021-05-16T15:14:11","modified_gmt":"2021-05-16T19:14:11","slug":"pros-besiktas-rachid-ghezzal-nie-les-rumeurs","status":"publish","type":"post","link":"https:\/\/linitiative.ca\/International\/pros-besiktas-rachid-ghezzal-nie-les-rumeurs\/","title":{"rendered":"Pros : Besiktas : Rachid Ghezzal nie les rumeurs"},"content":{"rendered":"<div readability=\"32\">\n<p>Auteur : <span class=\"time\">dimanche 16 mai 2021 13:25<\/span><\/p>\n<\/div>\n<div id=\"post_core\" readability=\"54\">\n<p>Celui a d\u00e9livr\u00e9 17 passes d\u00e9cisives cette saison ne serait pas en contact avec la formation rhodanienne.<\/p>\n<p>\u00ab\u00a0J\u2019ai vu dans la presse et sur les r\u00e9seaux que la rumeur circulait, mais c\u2019est plus de l\u2019intox que de l\u2019info. Moi, je n\u2019ai eu aucun contact concret en tout cas, \u00e7a ne veut pas dire que \u00e7a ne viendra pas, mais pour le moment, je n\u2019y pense pas. Lyon, j\u2019y serai toujours attach\u00e9. C\u2019est mon club de c\u0153ur, la ville o\u00f9 je suis n\u00e9 et o\u00f9 j\u2019ai \u00e9t\u00e9 form\u00e9, et c\u2019est l\u00e0-bas que j\u2019ai fait mes premiers pas professionnels. [\u2026] Quand je pars en 2017, c\u2019est avec des regrets, parce qu\u2019\u00e0 la base, je n\u2019ai pas envie de quitter le club. Je veux continuer l\u2019aventure, je veux qu\u2019on trouve un terrain d\u2019entente pour la prolongation, mais malheureusement, \u00e7a ne se fait pas\u00a0\u00bb. Des propos rapport\u00e9s par Les-Transferts.<\/p>\n<p><strong>Publi\u00e9 dans :<\/strong> <span>OL<\/span> <span>Besiktas : Rachid Ghezzal<\/span><\/p>\n<\/div>\n<p>Auteur:<br \/>\n<a href=\"http:\/\/www.lebuteur.com\/article\/detail?titre=besiktas-rachid-ghezzal-nie-les-rumeurs&#038;id=100078&#038;utm_source=feedburner&#038;utm_medium=feed&#038;utm_campaign=Feed%3A+GalerieFArtciles+%28Les+derniers+articles++-+lebuteur.com%29\">Cliquez ici pour lire l&rsquo;article depuis sa source.<\/a><\/p>\n","protected":false},"excerpt":{"rendered":"<p>Auteur : dimanche 16 mai 2021 13:25 Celui a d\u00e9livr\u00e9 17 passes d\u00e9cisives cette saison ne serait pas en contact avec la formation rhodanienne. \u00ab\u00a0J\u2019ai vu dans la presse et sur les r\u00e9seaux que la rumeur circulait, mais c\u2019est plus de l\u2019intox que de l\u2019info. Moi, je n\u2019ai eu aucun contact concret en tout cas, [&hellip;]<\/p>\n","protected":false},"author":1738,"featured_media":0,"comment_status":"closed","ping_status":"closed","sticky":false,"template":"","format":"standard","meta":{"fifu_image_url":"\/\/cdn.lebuteur.com\/data\/images\/article\/thumbs\/large-besiktas-rachid-ghezzal-nie-les-rumeurs-f9a01.jpg","fifu_image_alt":"Pros : Besiktas : Rachid Ghezzal nie les rumeurs","footnotes":""},"categories":[53,75],"tags":[],"class_list":["post-116829","post","type-post","status-publish","format-standard","hentry","category-algerie","category-sport"],"_links":{"self":[{"href":"https:\/\/linitiative.ca\/International\/wp-json\/wp\/v2\/posts\/116829","targetHints":{"allow":["GET"]}}],"collection":[{"href":"https:\/\/linitiative.ca\/International\/wp-json\/wp\/v2\/posts"}],"about":[{"href":"https:\/\/linitiative.ca\/International\/wp-json\/wp\/v2\/types\/post"}],"author":[{"embeddable":true,"href":"https:\/\/linitiative.ca\/International\/wp-json\/wp\/v2\/users\/1738"}],"replies":[{"embeddable":true,"href":"https:\/\/linitiative.ca\/International\/wp-json\/wp\/v2\/comments?post=116829"}],"version-history":[{"count":0,"href":"https:\/\/linitiative.ca\/International\/wp-json\/wp\/v2\/posts\/116829\/revisions"}],"wp:attachment":[{"href":"https:\/\/linitiative.ca\/International\/wp-json\/wp\/v2\/media?parent=116829"}],"wp:term":[{"taxonomy":"category","embeddable":true,"href":"https:\/\/linitiative.ca\/International\/wp-json\/wp\/v2\/categories?post=116829"},{"taxonomy":"post_tag","embeddable":true,"href":"https:\/\/linitiative.ca\/International\/wp-json\/wp\/v2\/tags?post=116829"}],"curies":[{"name":"wp","href":"https:\/\/api.w.org\/{rel}","templated":true}]}}