{"id":116830,"date":"2021-05-16T15:14:13","date_gmt":"2021-05-16T19:14:13","guid":{"rendered":"https:\/\/linitiative.ca\/International\/international-jese-refait-parler-de-lui-avec-une-nouvelle-folie\/"},"modified":"2021-05-16T15:14:13","modified_gmt":"2021-05-16T19:14:13","slug":"international-jese-refait-parler-de-lui-avec-une-nouvelle-folie","status":"publish","type":"post","link":"https:\/\/linitiative.ca\/International\/international-jese-refait-parler-de-lui-avec-une-nouvelle-folie\/","title":{"rendered":"International : Jes\u00e9 refait parler de lui avec une nouvelle folie"},"content":{"rendered":"<div readability=\"32\">\n<p>Auteur : <span class=\"time\">dimanche 16 mai 2021 14:00<\/span><\/p>\n<\/div>\n<div id=\"post_core\" readability=\"42\">\n<p>\u00a0De retour \u00e0 Las Palmas apr\u00e8s avoir rompu son contrat avec le Paris-Saint-Germain en d\u00e9cembre dernier, le joueur de 28 ans a c\u00e9l\u00e9br\u00e9 son retour r\u00e9gulier sur les terrains par l\u2019achat d\u2019une voiture d\u2019exception.<\/p>\n<p>Deportes Cuatro et Onzemondial rapportent que Jes\u00e9 Rodriguez a fait l\u2019acquisition d\u2019une Lamborghini Urus Mansory Venatus, dont le prix est \u00e9valu\u00e9 \u00e0 400 000 euros. L\u2019ancien\u00a0Merengue\u00a0devient ainsi le premier d\u00e9tenteur en Espagne de cette voiture et ses\u00a0820 chevaux.\u00a0<\/p>\n<p><strong>Publi\u00e9 dans :<\/strong> <span>Jes\u00e9<\/span> <span>Las Palmas<\/span><\/p>\n<\/div>\n<p>Auteur:<br \/>\n<a href=\"http:\/\/www.lebuteur.com\/article\/detail?titre=jese-refait-parler-de-lui-avec-une-nouvelle-folie&#038;id=100079&#038;utm_source=feedburner&#038;utm_medium=feed&#038;utm_campaign=Feed%3A+GalerieFArtciles+%28Les+derniers+articles++-+lebuteur.com%29\">Cliquez ici pour lire l&rsquo;article depuis sa source.<\/a><\/p>\n","protected":false},"excerpt":{"rendered":"<p>Auteur : dimanche 16 mai 2021 14:00 \u00a0De retour \u00e0 Las Palmas apr\u00e8s avoir rompu son contrat avec le Paris-Saint-Germain en d\u00e9cembre dernier, le joueur de 28 ans a c\u00e9l\u00e9br\u00e9 son retour r\u00e9gulier sur les terrains par l\u2019achat d\u2019une voiture d\u2019exception. Deportes Cuatro et Onzemondial rapportent que Jes\u00e9 Rodriguez a fait l\u2019acquisition d\u2019une Lamborghini Urus [&hellip;]<\/p>\n","protected":false},"author":1738,"featured_media":0,"comment_status":"closed","ping_status":"closed","sticky":false,"template":"","format":"standard","meta":{"fifu_image_url":"\/\/cdn.lebuteur.com\/data\/images\/article\/thumbs\/large-jese-refait-parler-de-lui-avec-une-nouvelle-folie-cefb6.jpg","fifu_image_alt":"International : Jes\u00e9 refait parler de lui avec une nouvelle folie","footnotes":""},"categories":[53,75],"tags":[],"class_list":["post-116830","post","type-post","status-publish","format-standard","hentry","category-algerie","category-sport"],"_links":{"self":[{"href":"https:\/\/linitiative.ca\/International\/wp-json\/wp\/v2\/posts\/116830","targetHints":{"allow":["GET"]}}],"collection":[{"href":"https:\/\/linitiative.ca\/International\/wp-json\/wp\/v2\/posts"}],"about":[{"href":"https:\/\/linitiative.ca\/International\/wp-json\/wp\/v2\/types\/post"}],"author":[{"embeddable":true,"href":"https:\/\/linitiative.ca\/International\/wp-json\/wp\/v2\/users\/1738"}],"replies":[{"embeddable":true,"href":"https:\/\/linitiative.ca\/International\/wp-json\/wp\/v2\/comments?post=116830"}],"version-history":[{"count":0,"href":"https:\/\/linitiative.ca\/International\/wp-json\/wp\/v2\/posts\/116830\/revisions"}],"wp:attachment":[{"href":"https:\/\/linitiative.ca\/International\/wp-json\/wp\/v2\/media?parent=116830"}],"wp:term":[{"taxonomy":"category","embeddable":true,"href":"https:\/\/linitiative.ca\/International\/wp-json\/wp\/v2\/categories?post=116830"},{"taxonomy":"post_tag","embeddable":true,"href":"https:\/\/linitiative.ca\/International\/wp-json\/wp\/v2\/tags?post=116830"}],"curies":[{"name":"wp","href":"https:\/\/api.w.org\/{rel}","templated":true}]}}