{"id":116831,"date":"2021-05-16T15:14:14","date_gmt":"2021-05-16T19:14:14","guid":{"rendered":"https:\/\/linitiative.ca\/International\/international-algerie-madjer-avenir-mahrez-livre-ses-verites\/"},"modified":"2021-05-16T15:14:14","modified_gmt":"2021-05-16T19:14:14","slug":"international-algerie-madjer-avenir-mahrez-livre-ses-verites","status":"publish","type":"post","link":"https:\/\/linitiative.ca\/International\/international-algerie-madjer-avenir-mahrez-livre-ses-verites\/","title":{"rendered":"International : Alg\u00e9rie, Madjer, avenir&#8230; Mahrez livre ses v\u00e9rit\u00e9s"},"content":{"rendered":"<div readability=\"32\">\n<p>Auteur : <span class=\"time\">dimanche 16 mai 2021 16:59<\/span><\/p>\n<\/div>\n<div id=\"post_core\" readability=\"59\">\n<p>\u00ab C&rsquo;est le grand rendez-vous de ma carri\u00e8re \u00bb. Riyad Mahrez n&rsquo;a pas cach\u00e9 l&rsquo;importance du rendez-vous qui se profile face \u00e0 Chelsea en finale de Ligue des champions. Sur RMC Sport, a \u00e9galement \u00e9voqu\u00e9 les retrouvailles avec N&rsquo;golo Kant\u00e9 qu&rsquo;il a bien connu du c\u00f4t\u00e9 de Leicester. \u00ab On a eu le temps de se chauffer un peu au t\u00e9l\u00e9phone \u00bb, s&rsquo;est amus\u00e9 Mahrez. L&rsquo;ailier alg\u00e9rien a ensuite \u00e9voqu\u00e9 la filiation avec Rabah Madjer, qui a notamment b\u00e2ti sa l\u00e9gende en brillant en finale de C1 en 1987 avec Porto. Mais l&rsquo;ailier de City n&rsquo;a pas de geste en t\u00eate pour l&rsquo;imiter. \u00ab Faire une Mahrez ce serait de gagner, c&rsquo;est le plus important pour moi maintenant \u00bb, a d\u00e9clar\u00e9 l&rsquo;ailier qui reste par ailleurs modeste sur la succession de la l\u00e9gende alg\u00e9rienne. \u00ab Je n&rsquo;aime pas trop parler de \u00e7a et de moi-m\u00eame, je laisse les gens me situer dans l&rsquo;histoire du football alg\u00e9rien, Madjer, c&rsquo;est une l\u00e9gende de notre football. \u00bb<\/p>\n<p><strong>Mahrez voit uniquement son avenir \u00e0 City<\/strong><\/p>\n<p>Enfin, Riyad Mahrez a \u00e9voqu\u00e9 son avenir. Et les choses sont claires, l&rsquo;ailier alg\u00e9rien voit son futur \u00e0 Manchester City. \u00ab Je me sens tr\u00e8s bien \u00e0 City. Je n&rsquo;ai aucune envie d&rsquo;aller voir ailleurs. Je ne sais pas quelle sera ma situation apr\u00e8s, si je vais signer un nouveau contrat ou pas, mais c&rsquo;est l\u00e0 que j&rsquo;ai envie d&rsquo;\u00eatre \u00bb, a expliqu\u00e9 Mahrez qui a \u00e9t\u00e9 tr\u00e8s clair quand un certain Eric Di M\u00e9co l&rsquo;a taquin\u00e9 sur un avenir \u00e0 l&rsquo;OM. \u00ab Ce n&rsquo;est pas quelque chose que je me dis. Je me sens bien en Angleterre, j&rsquo;ai envie de finir ma carri\u00e8re ici. Ce n&rsquo;est pas quelque chose que j&rsquo;envisage \u00bb, a clairement annonc\u00e9 l&rsquo;ailier de City rapporte OnzeMondial.com.<\/p>\n<p><strong>Publi\u00e9 dans :<\/strong> <span>algerie<\/span> <span>madjer<\/span> <span>OM<\/span> <span>Mahrez<\/span><\/p>\n<\/div>\n<p>Auteur:<br \/>\n<a href=\"http:\/\/www.lebuteur.com\/article\/detail?titre=algerie-madjer-avenir-mahrez-livre-ses-verites&#038;id=100080&#038;utm_source=feedburner&#038;utm_medium=feed&#038;utm_campaign=Feed%3A+GalerieFArtciles+%28Les+derniers+articles++-+lebuteur.com%29\">Cliquez ici pour lire l&rsquo;article depuis sa source.<\/a><\/p>\n","protected":false},"excerpt":{"rendered":"<p>Auteur : dimanche 16 mai 2021 16:59 \u00ab C&rsquo;est le grand rendez-vous de ma carri\u00e8re \u00bb. Riyad Mahrez n&rsquo;a pas cach\u00e9 l&rsquo;importance du rendez-vous qui se profile face \u00e0 Chelsea en finale de Ligue des champions. Sur RMC Sport, a \u00e9galement \u00e9voqu\u00e9 les retrouvailles avec N&rsquo;golo Kant\u00e9 qu&rsquo;il a bien connu du c\u00f4t\u00e9 de Leicester. [&hellip;]<\/p>\n","protected":false},"author":1738,"featured_media":0,"comment_status":"closed","ping_status":"closed","sticky":false,"template":"","format":"standard","meta":{"fifu_image_url":"\/\/cdn.lebuteur.com\/data\/images\/article\/thumbs\/large-algerie-madjer-avenir-mahrez-livre-ses-verites-a5713.jpg","fifu_image_alt":"International : Alg\u00e9rie, Madjer, avenir... Mahrez livre ses v\u00e9rit\u00e9s","footnotes":""},"categories":[53,75],"tags":[],"class_list":["post-116831","post","type-post","status-publish","format-standard","hentry","category-algerie","category-sport"],"_links":{"self":[{"href":"https:\/\/linitiative.ca\/International\/wp-json\/wp\/v2\/posts\/116831","targetHints":{"allow":["GET"]}}],"collection":[{"href":"https:\/\/linitiative.ca\/International\/wp-json\/wp\/v2\/posts"}],"about":[{"href":"https:\/\/linitiative.ca\/International\/wp-json\/wp\/v2\/types\/post"}],"author":[{"embeddable":true,"href":"https:\/\/linitiative.ca\/International\/wp-json\/wp\/v2\/users\/1738"}],"replies":[{"embeddable":true,"href":"https:\/\/linitiative.ca\/International\/wp-json\/wp\/v2\/comments?post=116831"}],"version-history":[{"count":0,"href":"https:\/\/linitiative.ca\/International\/wp-json\/wp\/v2\/posts\/116831\/revisions"}],"wp:attachment":[{"href":"https:\/\/linitiative.ca\/International\/wp-json\/wp\/v2\/media?parent=116831"}],"wp:term":[{"taxonomy":"category","embeddable":true,"href":"https:\/\/linitiative.ca\/International\/wp-json\/wp\/v2\/categories?post=116831"},{"taxonomy":"post_tag","embeddable":true,"href":"https:\/\/linitiative.ca\/International\/wp-json\/wp\/v2\/tags?post=116831"}],"curies":[{"name":"wp","href":"https:\/\/api.w.org\/{rel}","templated":true}]}}