{"id":116832,"date":"2021-05-16T14:24:35","date_gmt":"2021-05-16T18:24:35","guid":{"rendered":"https:\/\/linitiative.ca\/International\/ouverture-des-frontieres-cinq-vols-quotidiens-a-partir-du-1er-juin\/"},"modified":"2021-05-16T14:24:35","modified_gmt":"2021-05-16T18:24:35","slug":"ouverture-des-frontieres-cinq-vols-quotidiens-a-partir-du-1er-juin","status":"publish","type":"post","link":"https:\/\/linitiative.ca\/International\/ouverture-des-frontieres-cinq-vols-quotidiens-a-partir-du-1er-juin\/","title":{"rendered":"Ouverture des fronti\u00e8res : Cinq vols quotidiens \u00e0 partir du 1er juin"},"content":{"rendered":"<h4 class=\"title-14\"\/>\n<div class=\"featured_image\"><img loading=\"lazy\" decoding=\"async\" width=\"640\" height=\"480\" src=\"https:\/\/www.elwatan.com\/wp-content\/uploads\/2021\/05\/images-19.jpeg\" class=\"attachment-post-thumbnail size-post-thumbnail wp-post-image\" alt=\"\" srcset=\"https:\/\/www.elwatan.com\/wp-content\/uploads\/2021\/05\/images-19.jpeg 640w, https:\/\/www.elwatan.com\/wp-content\/uploads\/2021\/05\/images-19-300x225.jpeg 300w\" sizes=\"auto, (max-width: 640px) 100vw, 640px\"\/><\/div>\n<p><strong><em>C\u2019est officiel. L\u2019ouverture des fronti\u00e8res se fera \u00e0 partir du 1er juin prochain, c\u2019est-\u00e0-dire dans 14 jours.<\/em><\/strong><\/p>\n<p>C\u2019est ce qu\u2019a indiqu\u00e9, aujourd\u2019hui dimanche 16 mai, un communiqu\u00e9 de la pr\u00e9sidence de la r\u00e9publique sanctionnant la r\u00e9union du Conseil des ministres, qui s\u2019est tenue sous la pr\u00e9sidence de Abdelmadjid Tebboune.<\/p>\n<p>A cet effet, les autorit\u00e9s ont d\u00e9cid\u00e9 de commencer cette \u00ab\u00a0ouverture partielle\u00a0\u00bb avec une fr\u00e9quence de cinq vols quotidiens de et depuis les a\u00e9roports d\u2019Alger, Oran et Constantine.<\/p>\n<p>Ceci, bien entendu, en se conformant \u00e0 des mesures de pr\u00e9ventions strictes relatives \u00e0 la lutte contre la propagation du Covid 19.<\/p>\n<p>Le communiqu\u00e9 ajoute que des d\u00e9tails concernant cette ouverture seront communiqu\u00e9s dans une semaine.<\/p>\n<p><span class=\"post-views-label\">Post Views:<\/span> <span class=\"post-views-count\">4\u00a0058<\/span><\/p>\n<p><br class=\"c2\"\/><\/p>\n<div class=\"ichhar-moneytagnative c5\" id=\"ichhar-1187512117\">\n<p>Advertisements<\/p>\n<\/div>\n<p><br class=\"c2\"\/><br \/>\n<br class=\"c6\"\/><\/p>\n<p>Auteur: Mohand Yahiaoui<br \/>\n<a href=\"https:\/\/www.elwatan.com\/edition\/actualite\/ouverture-des-frontieres-cinq-vols-quotidiens-a-partir-du-1er-juin-16-05-2021\">Cliquez ici pour lire l&rsquo;article depuis sa source.<\/a><\/p>\n","protected":false},"excerpt":{"rendered":"<p>C\u2019est officiel. L\u2019ouverture des fronti\u00e8res se fera \u00e0 partir du 1er juin prochain, c\u2019est-\u00e0-dire dans 14 jours. C\u2019est ce qu\u2019a indiqu\u00e9, aujourd\u2019hui dimanche 16 mai, un communiqu\u00e9 de la pr\u00e9sidence de la r\u00e9publique sanctionnant la r\u00e9union du Conseil des ministres, qui s\u2019est tenue sous la pr\u00e9sidence de Abdelmadjid Tebboune. A cet effet, les autorit\u00e9s ont [&hellip;]<\/p>\n","protected":false},"author":1743,"featured_media":0,"comment_status":"closed","ping_status":"closed","sticky":false,"template":"","format":"standard","meta":{"fifu_image_url":"https:\/\/www.elwatan.com\/wp-content\/uploads\/2021\/05\/images-19.jpeg","fifu_image_alt":"Ouverture des fronti\u00e8res : Cinq vols quotidiens \u00e0 partir du 1er juin","footnotes":""},"categories":[73,53],"tags":[],"class_list":["post-116832","post","type-post","status-publish","format-standard","hentry","category-actualite","category-algerie"],"_links":{"self":[{"href":"https:\/\/linitiative.ca\/International\/wp-json\/wp\/v2\/posts\/116832","targetHints":{"allow":["GET"]}}],"collection":[{"href":"https:\/\/linitiative.ca\/International\/wp-json\/wp\/v2\/posts"}],"about":[{"href":"https:\/\/linitiative.ca\/International\/wp-json\/wp\/v2\/types\/post"}],"author":[{"embeddable":true,"href":"https:\/\/linitiative.ca\/International\/wp-json\/wp\/v2\/users\/1743"}],"replies":[{"embeddable":true,"href":"https:\/\/linitiative.ca\/International\/wp-json\/wp\/v2\/comments?post=116832"}],"version-history":[{"count":0,"href":"https:\/\/linitiative.ca\/International\/wp-json\/wp\/v2\/posts\/116832\/revisions"}],"wp:attachment":[{"href":"https:\/\/linitiative.ca\/International\/wp-json\/wp\/v2\/media?parent=116832"}],"wp:term":[{"taxonomy":"category","embeddable":true,"href":"https:\/\/linitiative.ca\/International\/wp-json\/wp\/v2\/categories?post=116832"},{"taxonomy":"post_tag","embeddable":true,"href":"https:\/\/linitiative.ca\/International\/wp-json\/wp\/v2\/tags?post=116832"}],"curies":[{"name":"wp","href":"https:\/\/api.w.org\/{rel}","templated":true}]}}