{"id":116835,"date":"2021-05-16T08:11:00","date_gmt":"2021-05-16T12:11:00","guid":{"rendered":"https:\/\/linitiative.ca\/International\/israel-palestine-faire-le-depart-entre-le-terrorisme-et-la-resistance\/"},"modified":"2021-05-16T08:11:00","modified_gmt":"2021-05-16T12:11:00","slug":"israel-palestine-faire-le-depart-entre-le-terrorisme-et-la-resistance","status":"publish","type":"post","link":"https:\/\/linitiative.ca\/International\/israel-palestine-faire-le-depart-entre-le-terrorisme-et-la-resistance\/","title":{"rendered":"Isra\u00ebl &#8211; Palestine: faire le d\u00e9part entre le terrorisme et la r\u00e9sistance"},"content":{"rendered":"<p><span class=\"c2\"><em><strong><img decoding=\"async\" src=\"\/uploads\/FCK_files\/Ahmed-Ona\u00efs-min(1).jpg\" width=\"20%\" vspace=\"5\" hspace=\"5\" align=\"left\" alt=\"\"\/>Par Ahmed Ouna\u00efes &#8211;<\/strong><\/em><\/span> Les Etats europ\u00e9ens s\u2019obstinent, \u00e0 propos du conflit qui oppose Isra\u00ebl aux Palestiniens,\u00a0 \u00e0 confondre terrorisme et r\u00e9sistance. La r\u00e9sistance est inh\u00e9rente \u00e0 l\u2019occupation. La confusion n\u2019est pas excusable, sachant la part prise par la majorit\u00e9 des pays europ\u00e9ens dans les cas d\u2019occupation, qu\u2019ils aient \u00e9t\u00e9 occupants ou victimes de l\u2019occupation. Ceux d\u2019entre eux qui ont assum\u00e9 la r\u00e9sistance ne sauraient succomber de bonne foi \u00e0 la confusion. La r\u00e9sistance forme la culture politique des nations. L\u2019amalgame trahit la mauvaise foi.<\/p>\n<p>Si le terrorisme et la r\u00e9sistance font usage de violence, ils s\u2019inscrivent n\u00e9anmoins dans des contextes distincts et ob\u00e9issent \u00e0 des d\u00e9finitions radicalement diff\u00e9rentes par leur gen\u00e8se, leur finalit\u00e9, leur insertion dans le tissu social et politique ainsi que par la nature de leur commandement.<\/p>\n<p class=\"c4\"><span class=\"c3\"><strong>\u2022<\/strong><\/span> Le terrorisme est une action offensive pouvant survenir partout et \u00e0 tout moment ; impr\u00e9visible et d\u00e9localis\u00e9, il s\u2019exerce \u00e0 froid et se donne les objectifs les plus divers. La r\u00e9sistance est la r\u00e9action \u00e0 l\u2019invasion et \u00e0 l\u2019occupation \u00e9trang\u00e8re ; elle est essentiellement d\u00e9fensive et guid\u00e9e par un objectif national. La mobilisation pour la r\u00e9sistance n\u2019ob\u00e9it ni \u00e0 un calcul d\u2019opportunit\u00e9 ni \u00e0 une quelconque id\u00e9ologie, c\u2019est un acte intime et pr\u00e9visible qui exprime le devoir naturel de d\u00e9fendre l\u2019int\u00e9grit\u00e9 et le droit de la nation.<\/p>\n<p class=\"c4\"><span class=\"c3\"><strong>\u2022<\/strong><\/span> La r\u00e9sistance n\u2019est pas le fait d\u2019un chef, ni d\u2019un parti, ni d\u2019une religion, elle proc\u00e8de de l\u2019\u00e2me m\u00eame du citoyen, en un \u00e9lan spontan\u00e9, que le citoyen re\u00e7oive l\u2019appel d\u2019un chef ou qu\u2019il ne le re\u00e7oive jamais. Le peuple r\u00e9siste \u00e0 l\u2019oppression avec ou sans direction politique en place. L\u2019\u00e9mergence de la direction politique d\u00e9rive de l\u2019imp\u00e9ratif de r\u00e9sistance et non l\u2019inverse. Les directions politiques se constituent et, m\u00eame d\u00e9cim\u00e9es, se reconstituent non parce que des chefs en ont d\u00e9cid\u00e9 mais parce que le peuple, \u00e0 la base, assume l\u2019imp\u00e9ratif de la r\u00e9sistance.<\/p>\n<p class=\"c4\"><span class=\"c3\"><strong>\u2022<\/strong><\/span> Le terrorisme recherche et recrute ses agents et ses ex\u00e9cutants. La r\u00e9sistance n\u2019a pas \u00e0 recruter, elle ne fait que canaliser la mobilisation spontan\u00e9e des militants dans la base nationale la plus large. L\u2019\u00e9lan de mobilisation est irr\u00e9sistible parce que, sous l\u2019occupation, la nation n\u2019existe et ne survit que dans la r\u00e9sistance. Hors la r\u00e9sistance, elle cesse d\u2019\u00eatre et\u00a0 cesse de repr\u00e9senter une entit\u00e9 pour elle-m\u00eame et pour les autres nations. La dynamique de la r\u00e9sistance maintient la nation en vie, donne un contenu \u00e0 la solidarit\u00e9 nationale, ennoblit l\u2019esprit de lutte et investit le militant d\u2019une responsabilit\u00e9 qui d\u00e9passe sa personne. Par lui-m\u00eame, l\u2019esprit de r\u00e9sistance affermit l\u2019espoir. Un jour, gr\u00e2ce \u00e0 l\u2019abn\u00e9gation de ses propres enfants, la nation retrouvera la libert\u00e9. Parce que la r\u00e9sistance maintient cet espoir, nul ne s\u2019y d\u00e9robe et on ne se pardonne pas de faiblir. Le destin des faibles est tranch\u00e9 \u00e0 l\u2019\u00e9gal de celui des tra\u00eetres.<\/p>\n<p class=\"c4\"><span class=\"c3\"><strong>\u2022<\/strong><\/span> La r\u00e9sistance est l\u2019expression du droit de l\u00e9gitime d\u00e9fense inh\u00e9rent \u00e0 l\u2019existence d\u2019une nation. En r\u00e9action \u00e0 l\u2019occupation, la nation est en droit d\u2019assurer sa l\u00e9gitime d\u00e9fense, de pr\u00e9server son int\u00e9grit\u00e9 et d\u2019opposer une r\u00e9sistance coh\u00e9rente dans le but de mettre fin \u00e0 l\u2019occupation. Le terrorisme, expression d\u2019une strat\u00e9gie d\u2019intimidation et d\u2019une capacit\u00e9 purement destructrice, ne saurait se pr\u00e9valoir d\u2019un droit quelconque de d\u00e9fense et ne saurait donc jouir d\u2019aucune l\u00e9gitimit\u00e9.<\/p>\n<p class=\"c4\"><span class=\"c3\"><strong>\u2022<\/strong><\/span> La base nationale qui, dans toutes ses composantes, subit l\u2019oppression des forces d\u2019occupation, d\u00e9termine en dernier ressort le contenu politique de la r\u00e9sistance et lui conf\u00e8re son sens, sa finalit\u00e9 et la reconnaissance nationale et internationale. A l\u2019inverse, le terrorisme d\u00e9rive de la volont\u00e9 d\u2019un noyau dirigeant qui d\u00e9termine et modifie \u00e0 son gr\u00e9 sa finalit\u00e9 et ses exigences en fonction de ses calculs ou de son id\u00e9ologie. Le terrorisme, qu\u2019il soit individuel ou de groupe, peut se pr\u00e9valoir d\u2019une id\u00e9ologie ou d\u2019un dogme, mais jamais de l\u2019autorit\u00e9 d\u2019une nation.<\/p>\n<p class=\"c4\"><span class=\"c3\"><strong>\u2022<\/strong><\/span> La r\u00e9sistance pr\u00e9vaut tant que s\u00e9vit l\u2019occupation et cesse avec la fin de l\u2019occupation ; le terrorisme dure autant qu\u2019en d\u00e9cident ses dirigeants et ne dispara\u00eet qu\u2019avec la disparition de ses dirigeants.<\/p>\n<p class=\"c4\"><span class=\"c3\"><strong>\u2022<\/strong><\/span> Le principe du terrorisme est le calcul. Le principe de la r\u00e9sistance est la dignit\u00e9. C\u2019est pour la dignit\u00e9 que les r\u00e9sistants acceptent le sacrifice supr\u00eame, et pour l\u2019honneur que la nation reconnaissante les porte au Panth\u00e9on.<\/p>\n<p>Rappelons ce bref extrait du Chant des Partisans que le peuple fran\u00e7ais entonnait sous l\u2019occupation, au nom de la R\u00e9sistance, et dont j\u2019entends encore les accents au fond de ma m\u00e9moire.<\/p>\n<p>\u00abMontez de la mine, descendez des collines, camarades!<br \/>\u00abSortez de la paille les fusils, la mitraille, les grenades.<br \/>\u00abOh\u00e9, les tueurs \u00e0 la balle et au couteau, tuez vite!<br \/>\u00abOh\u00e9, saboteur, attention \u00e0 ton fardeau : dynamite.\u00bb<\/p>\n<p>La derni\u00e8re strophe n\u2019est pas moins expressive:<\/p>\n<p>\u00abAmi, entends-tu ces cris sourds du pays qu\u2019on encha\u00eene?<br \/>\u00abAmi, entends-tu le vol noir des corbeaux sur nos plaines?\u00bb<\/p>\n<p>La r\u00e9sistance n\u2019est pas le monopole des europ\u00e9ens. Le Sommet de Br\u00e9gan\u00e7on sur le terrorisme, le 14 mai,\u00a0 \u00e9tait pour la Tunisie l\u2019occasion de lever la confusion qui n\u2019est pas seulement conceptuelle : dans la guerre qui nous est impos\u00e9e en Palestine, la clarification fixe les responsabilit\u00e9s et donne le ton.<\/p>\n<p class=\"c5\"><strong>Ahmed Ouna\u00efes<\/strong><br \/>\u00a0<\/p>\n<p>Auteur:<br \/>\n<a href=\"https:\/\/www.leaders.com.tn\/article\/31876-ahmed-ounaies-terrorisme-et-resistance\">Cliquez ici pour lire l&rsquo;article depuis sa source.<\/a><\/p>\n","protected":false},"excerpt":{"rendered":"<p>Par Ahmed Ouna\u00efes &#8211; Les Etats europ\u00e9ens s\u2019obstinent, \u00e0 propos du conflit qui oppose Isra\u00ebl aux Palestiniens,\u00a0 \u00e0 confondre terrorisme et r\u00e9sistance. La r\u00e9sistance est inh\u00e9rente \u00e0 l\u2019occupation. La confusion n\u2019est pas excusable, sachant la part prise par la majorit\u00e9 des pays europ\u00e9ens dans les cas d\u2019occupation, qu\u2019ils aient \u00e9t\u00e9 occupants ou victimes de l\u2019occupation. [&hellip;]<\/p>\n","protected":false},"author":1772,"featured_media":0,"comment_status":"closed","ping_status":"closed","sticky":false,"template":"","format":"standard","meta":{"fifu_image_url":"\/uploads\/FCK_files\/Ahmed-Ona\u00efs-min(1).jpg","fifu_image_alt":"Isra\u00ebl - Palestine: faire le d\u00e9part entre le terrorisme et la r\u00e9sistance","footnotes":""},"categories":[73,55],"tags":[],"class_list":["post-116835","post","type-post","status-publish","format-standard","hentry","category-actualite","category-tunisie"],"_links":{"self":[{"href":"https:\/\/linitiative.ca\/International\/wp-json\/wp\/v2\/posts\/116835","targetHints":{"allow":["GET"]}}],"collection":[{"href":"https:\/\/linitiative.ca\/International\/wp-json\/wp\/v2\/posts"}],"about":[{"href":"https:\/\/linitiative.ca\/International\/wp-json\/wp\/v2\/types\/post"}],"author":[{"embeddable":true,"href":"https:\/\/linitiative.ca\/International\/wp-json\/wp\/v2\/users\/1772"}],"replies":[{"embeddable":true,"href":"https:\/\/linitiative.ca\/International\/wp-json\/wp\/v2\/comments?post=116835"}],"version-history":[{"count":0,"href":"https:\/\/linitiative.ca\/International\/wp-json\/wp\/v2\/posts\/116835\/revisions"}],"wp:attachment":[{"href":"https:\/\/linitiative.ca\/International\/wp-json\/wp\/v2\/media?parent=116835"}],"wp:term":[{"taxonomy":"category","embeddable":true,"href":"https:\/\/linitiative.ca\/International\/wp-json\/wp\/v2\/categories?post=116835"},{"taxonomy":"post_tag","embeddable":true,"href":"https:\/\/linitiative.ca\/International\/wp-json\/wp\/v2\/tags?post=116835"}],"curies":[{"name":"wp","href":"https:\/\/api.w.org\/{rel}","templated":true}]}}