{"id":116837,"date":"2021-05-16T12:46:00","date_gmt":"2021-05-16T16:46:00","guid":{"rendered":"https:\/\/linitiative.ca\/International\/tunisie-fmi-les-discussions-techniques-reprendront-ce-mardi-quels-enjeux\/"},"modified":"2021-05-16T12:46:00","modified_gmt":"2021-05-16T16:46:00","slug":"tunisie-fmi-les-discussions-techniques-reprendront-ce-mardi-quels-enjeux","status":"publish","type":"post","link":"https:\/\/linitiative.ca\/International\/tunisie-fmi-les-discussions-techniques-reprendront-ce-mardi-quels-enjeux\/","title":{"rendered":"Tunisie \u2013 FMI : Les discussions techniques reprendront ce mardi. Quels enjeux ?"},"content":{"rendered":"<p>Entam\u00e9es \u00e0 Washington DC, il y a deux semaines le 3 mai courant, les \u00e9changes entre la Tunisie et le Fonds mon\u00e9taire international (FMI), reprendront, toujours \u00e0 distance, ce mardi. Ce nouveau round de discussions techniques, toujours \u00e0 distance, mais cette fois- ci \u00e0 partir de Tunis, doit permettre \u00e0 la d\u00e9l\u00e9gation tunisienne de mieux expliciter son programme de r\u00e9formes \u00e9conomiques et les besoins de son financement. Il offrira au Staff du Fonds l&rsquo;occasion de mieux comprendre la vision, le plan d\u2019action et les attentes. Il s\u2019agit en fait de rentrer dans le vif et d\u2019aller plus dans le d\u00e9tail.<\/p>\n<h2>De grandes questions<\/h2>\n<p>\u00ab\u00a0Au sein du Fonds, les questions ne manquent pas, explique \u00e0 Leaders un connaisseur. Quelles sont les priorit\u00e9s, leur s\u00e9quen\u00e7age et leurs articulations\u00a0? Quel est l\u2019impact budg\u00e9taire de chaque mesure envisag\u00e9e\u00a0? Quel est le plan de r\u00e9duire les charges de l\u2019\u00c9tat et d\u2019accro\u00eetre les d\u00e9penses publiques en cr\u00e9dits d\u2019investissement\u00a0? Et comment faire red\u00e9marrer la croissance\u00a0?\u00bb Des r\u00e9ponses convaincantes seront appr\u00e9ci\u00e9es.<\/p>\n<h2>Des dossiers pointus qui attendent clarification<\/h2>\n<p>Si les dossiers de la fiscalit\u00e9 et de la politique mon\u00e9taire, bien avanc\u00e9s, ne semblent pas poser de difficult\u00e9s particuli\u00e8res, la question des entreprises publiques et de la compensation de l\u2019\u00e9nergie feront sans doute l\u2019objet de discussions serr\u00e9es. La mise en place effective du fonds de restructuration des entreprises publiques, l\u2019appui au secteur priv\u00e9, la mise en \u0153uvre des pactes sectoriels et autres mesures phares constituent en effet un index de la d\u00e9termination du gouvernement \u00e0 prendre r\u00e9solument en main ces chantier. Quant au ciblage de la compensation, il ne s\u2019agit pas de s\u2019attaquer aux produits de base essentiels, tels que le pain, les p\u00e2tes et les huiles alimentaires ou le gaz GPL, mais de r\u00e9viser la subvention des produits hydrocarbures.<\/p>\n<p>Dans une note publi\u00e9e sur Leaders, Afif Chelbi, avait mis en garde contre le ciblage des produits essentiels,\u00a0\u00bb<a href=\"https:\/\/www.leaders.com.tn\/article\/31840-la-fausse-et-dangereuse-piste-du-ciblage-de-la-compensation\">fausse et dangereuse piste<\/a>\u00a0\u00bb qui n\u2019a suscit\u00e9 qu\u2019\u00e9meutes, sans rien rapporter de substantiel. Cette position, largement reprise par les m\u00e9dias, a \u00e9t\u00e9 confort\u00e9e lors d\u2019un <a href=\"https:\/\/www.leaders.com.tn\/article\/31852-tunisie-fmi-afif-cehlibi-mahmoud-ben-romdhane-et-sami-aouadi-en-webinaire-ce-lundi\">webinaire<\/a> organis\u00e9 par le Cercle Kheireddine.<\/p>\n<h2>Quel calendrier\u00a0?<\/h2>\n<p>Jusque-l\u00e0, ni la Tunisie, ni le FMI n\u2019ont \u00e9voqu\u00e9 un calendrier pr\u00e9cis pour l\u2019aboutissement des discussions techniques amorc\u00e9es devant se traduire par une demande officielle de pr\u00eat, sa n\u00e9gociation et son adoption par le conseil d\u2019administration. \u00ab\u00a0La d\u00e9marche tunisienne aurait d\u00fb \u00eatre d\u00e9clench\u00e9e plus t\u00f4t, d\u00e9but de cette ann\u00e9e et sans cesse acc\u00e9l\u00e9r\u00e9e, en raison des besoins financiers imm\u00e9diats\u00a0\u00bb, regrette un expert tunisien, interrog\u00e9 par Leaders. Il s\u2019agit, \u00e0 pr\u00e9sent, rattraper le retard pris et d\u2019avancer tr\u00e8s vite vers un accord utile au pays. Le Fonds doit faire preuve de compr\u00e9hension du contexte tunisien particulier, de souplesse et de soutien.\u00a0\u00bb<\/p>\n<p>\u00ab\u00a0L\u2019\u00e9tat de nos finances nous impose, ajoute-t-il, de boucler cette importante s\u00e9quence d\u2019ici fin juin, au plus tard, dans l\u2019espoir de voir les \u00e9quipes du Fonds soumettre le dossier de la Tunisie \u00e0 l\u2019approbation du conseil d\u2019administration lors de sa r\u00e9union de juillet prochain. Tout retard nous renverra au mois de septembre, ce qui sera tr\u00e8s tard. L\u2019accord de pr\u00eat du FMI est crucial car, en outre, il nous ouvre en effet la voie pour acc\u00e9der aux financements d\u2019autres bailleurs fonds internationaux, r\u00e9gionaux et souverains.\u00a0\u00bb<\/p>\n<p>Dans cette course contre la montre, la clart\u00e9 de la vision tunisienne, la qualit\u00e9 du programme pr\u00e9sent\u00e9 et sa pertinence, et les indicateurs de performance, conjugu\u00e9s \u00e0 une forte d\u00e9termination politique, largement partag\u00e9e, seront les gages de r\u00e9ussite, sans longs d\u00e9lais.<\/p>\n<p><strong>T.H<\/strong><br \/>\u00a0<\/p>\n<p>Auteur:<br \/>\n<a href=\"https:\/\/www.leaders.com.tn\/article\/31877-tunisie-fmi-les-discussions-techniques-reprendront-ce-mardi-quels-enjeux\">Cliquez ici pour lire l&rsquo;article depuis sa source.<\/a><\/p>\n","protected":false},"excerpt":{"rendered":"<p>Entam\u00e9es \u00e0 Washington DC, il y a deux semaines le 3 mai courant, les \u00e9changes entre la Tunisie et le Fonds mon\u00e9taire international (FMI), reprendront, toujours \u00e0 distance, ce mardi. Ce nouveau round de discussions techniques, toujours \u00e0 distance, mais cette fois- ci \u00e0 partir de Tunis, doit permettre \u00e0 la d\u00e9l\u00e9gation tunisienne de mieux [&hellip;]<\/p>\n","protected":false},"author":1772,"featured_media":0,"comment_status":"closed","ping_status":"closed","sticky":false,"template":"","format":"standard","meta":{"fifu_image_url":"","fifu_image_alt":"","footnotes":""},"categories":[73,55],"tags":[],"class_list":["post-116837","post","type-post","status-publish","format-standard","hentry","category-actualite","category-tunisie"],"_links":{"self":[{"href":"https:\/\/linitiative.ca\/International\/wp-json\/wp\/v2\/posts\/116837","targetHints":{"allow":["GET"]}}],"collection":[{"href":"https:\/\/linitiative.ca\/International\/wp-json\/wp\/v2\/posts"}],"about":[{"href":"https:\/\/linitiative.ca\/International\/wp-json\/wp\/v2\/types\/post"}],"author":[{"embeddable":true,"href":"https:\/\/linitiative.ca\/International\/wp-json\/wp\/v2\/users\/1772"}],"replies":[{"embeddable":true,"href":"https:\/\/linitiative.ca\/International\/wp-json\/wp\/v2\/comments?post=116837"}],"version-history":[{"count":0,"href":"https:\/\/linitiative.ca\/International\/wp-json\/wp\/v2\/posts\/116837\/revisions"}],"wp:attachment":[{"href":"https:\/\/linitiative.ca\/International\/wp-json\/wp\/v2\/media?parent=116837"}],"wp:term":[{"taxonomy":"category","embeddable":true,"href":"https:\/\/linitiative.ca\/International\/wp-json\/wp\/v2\/categories?post=116837"},{"taxonomy":"post_tag","embeddable":true,"href":"https:\/\/linitiative.ca\/International\/wp-json\/wp\/v2\/tags?post=116837"}],"curies":[{"name":"wp","href":"https:\/\/api.w.org\/{rel}","templated":true}]}}