{"id":116838,"date":"2021-05-16T06:00:00","date_gmt":"2021-05-16T10:00:00","guid":{"rendered":"https:\/\/linitiative.ca\/International\/une-session-pour-quoi-faire\/"},"modified":"2021-05-16T06:00:00","modified_gmt":"2021-05-16T10:00:00","slug":"une-session-pour-quoi-faire","status":"publish","type":"post","link":"https:\/\/linitiative.ca\/International\/une-session-pour-quoi-faire\/","title":{"rendered":"Une session pour quoi faire ?"},"content":{"rendered":"<p class=\"c3\">Le Conseil de s\u00e9curit\u00e9 de l&rsquo;ONU tiendra aujourd\u2019hui \u00e0 14h GMT une r\u00e9union virtuelle publique sur l&rsquo;escalade dans les territoires palestiniens occup\u00e9s suite aux agressions sionistes, apr\u00e8s des tergiversations avec les \u00c9tats-Unis qui ont refus\u00e9 qu&rsquo;elle se tienne vendredi, ont indiqu\u00e9 des diplomates.\u00a0<br \/>L&rsquo;\u00e9missaire de l&rsquo;ONU pour le Proche-Orient, le Norv\u00e9gien Tor Wennesland, ainsi que des repr\u00e9sentants de l&rsquo;entit\u00e9 sioniste et de la Palestine devraient y participer. Les \u00c9tats-Unis, qui avaient refus\u00e9 une r\u00e9union d&rsquo;urgence d\u00e8s vendredi et propos\u00e9 qu&rsquo;elle se tienne mardi, \u00abont \u00e9t\u00e9 d&rsquo;accord pour avancer la r\u00e9union \u00e0 dimanche\u00bb, a pr\u00e9cis\u00e9 un diplomate. Un peu plus t\u00f4t, le secr\u00e9taire d&rsquo;\u00c9tat am\u00e9ricain, Antony Blinken, avait assur\u00e9 devant la presse \u00e0 Washington que les \u00c9tats-Unis \u00e9taient \u00abfavorables\u00bb \u00e0 ce qu&rsquo;une r\u00e9union ait lieu \u00aben d\u00e9but de semaine prochaine\u00bb. Cette r\u00e9union (virtuelle du fait de la pand\u00e9mie) de vendredi avait \u00e9t\u00e9 demand\u00e9e par dix membres sur quinze du Conseil (Tunisie, Norv\u00e8ge, Chine, Irlande, Estonie, France, Royaume-Uni, Saint-Vincent-et-les-Grenadines, Niger et Vi\u00eatnam).<br \/>R. I.<\/p>\n<p>Auteur:<br \/>\n<a href=\"https:\/\/www.lesoirdalgerie.com\/monde\/une-session-pour-quoi-faire-61188\">Cliquez ici pour lire l&rsquo;article depuis sa source.<\/a><\/p>\n","protected":false},"excerpt":{"rendered":"<p>Le Conseil de s\u00e9curit\u00e9 de l&rsquo;ONU tiendra aujourd\u2019hui \u00e0 14h GMT une r\u00e9union virtuelle publique sur l&rsquo;escalade dans les territoires palestiniens occup\u00e9s suite aux agressions sionistes, apr\u00e8s des tergiversations avec les \u00c9tats-Unis qui ont refus\u00e9 qu&rsquo;elle se tienne vendredi, ont indiqu\u00e9 des diplomates.\u00a0L&rsquo;\u00e9missaire de l&rsquo;ONU pour le Proche-Orient, le Norv\u00e9gien Tor Wennesland, ainsi que des [&hellip;]<\/p>\n","protected":false},"author":1741,"featured_media":0,"comment_status":"closed","ping_status":"closed","sticky":false,"template":"","format":"standard","meta":{"fifu_image_url":"","fifu_image_alt":"","footnotes":""},"categories":[73,53],"tags":[],"class_list":["post-116838","post","type-post","status-publish","format-standard","hentry","category-actualite","category-algerie"],"_links":{"self":[{"href":"https:\/\/linitiative.ca\/International\/wp-json\/wp\/v2\/posts\/116838","targetHints":{"allow":["GET"]}}],"collection":[{"href":"https:\/\/linitiative.ca\/International\/wp-json\/wp\/v2\/posts"}],"about":[{"href":"https:\/\/linitiative.ca\/International\/wp-json\/wp\/v2\/types\/post"}],"author":[{"embeddable":true,"href":"https:\/\/linitiative.ca\/International\/wp-json\/wp\/v2\/users\/1741"}],"replies":[{"embeddable":true,"href":"https:\/\/linitiative.ca\/International\/wp-json\/wp\/v2\/comments?post=116838"}],"version-history":[{"count":0,"href":"https:\/\/linitiative.ca\/International\/wp-json\/wp\/v2\/posts\/116838\/revisions"}],"wp:attachment":[{"href":"https:\/\/linitiative.ca\/International\/wp-json\/wp\/v2\/media?parent=116838"}],"wp:term":[{"taxonomy":"category","embeddable":true,"href":"https:\/\/linitiative.ca\/International\/wp-json\/wp\/v2\/categories?post=116838"},{"taxonomy":"post_tag","embeddable":true,"href":"https:\/\/linitiative.ca\/International\/wp-json\/wp\/v2\/tags?post=116838"}],"curies":[{"name":"wp","href":"https:\/\/api.w.org\/{rel}","templated":true}]}}