{"id":116840,"date":"2021-05-16T06:00:00","date_gmt":"2021-05-16T10:00:00","guid":{"rendered":"https:\/\/linitiative.ca\/International\/leurope-hantee-par-les-crimes-nazis\/"},"modified":"2021-05-16T06:00:00","modified_gmt":"2021-05-16T10:00:00","slug":"leurope-hantee-par-les-crimes-nazis","status":"publish","type":"post","link":"https:\/\/linitiative.ca\/International\/leurope-hantee-par-les-crimes-nazis\/","title":{"rendered":"L\u2019Europe hant\u00e9e par les crimes nazis"},"content":{"rendered":"<p class=\"c3\">L\u2019Europe, qui a livr\u00e9 sans \u00e9tat d\u2019\u00e2me des dizaines de milliers de ses concitoyens de confession juive \u00e0 la barbarie nazie, voit remonter \u00e0 la surface, \u00e0 la faveur d\u2019\u00e9v\u00e9nements tragiques, comme c\u2019est le cas pour la Palestine, ses vieux d\u00e9mons qu\u2019elle n\u2019arrive pas \u00e0 exorciser.<br \/>Les dirigeants de la Vieille Europe veulent \u00e0 tout prix entrer dans les faveurs du sionisme mondial et quoi de mieux que manifester leur \u00absoutien\u00a0 ind\u00e9fectible\u00bb \u00e0 l\u2019\u00c9tat d\u2019Isra\u00ebl qui fait subir aux Palestiniens sans armes ce que les juifs ont v\u00e9cu durant la Seconde Guerre mondiale : l\u2019assassinat de masse, un g\u00e9nocide \u00e0 grande \u00e9chelle qui n\u2019\u00e9pargne ni femme, ni enfants, ni infrastructures mat\u00e9rielles comme les h\u00f4pitaux, les r\u00e9seaux d\u2019eau potable, l\u2019\u00e9lectricit\u00e9\u2026 Ainsi la France, sous la botte du Crif, condamne les tirs de la r\u00e9sistance palestinienne par la voix de son Pr\u00e9sident Emmanuel Macron dont le gouvernement vient de d\u00e9cr\u00e9ter l\u2019interdiction de toute marche de soutien \u00e0 la Palestine et de condamnation de la nouvelle agression de l\u2019arm\u00e9e sioniste \u00e0 Ghaza et en Cisjordanie. En \u00e9chos, l\u2019ambassadeur de l\u2019\u00c9tat d\u2019Isra\u00ebl \u00e0 Paris d\u00e9clare, toute honte bue, que l\u2019interdiction de la marche est une bonne chose car elle signifierait un soutien au\u2026 terrorisme !<br \/>Gr\u00e2ce \u00e0 leur mainmise sur les m\u00e9dias en Europe, y compris dans une certaine mesure, les r\u00e9seaux sociaux dont Facebook, Instagram, le sionisme tente de discr\u00e9diter la lutte du peuple palestinien pour sa terre et son droit \u00e0 la vie. Le but d\u2019une telle entreprise est de peser dans le choix de l\u2019opinion publique et de faire de l\u2019agresseur une victime. Une vieille rengaine. Si les populations europ\u00e9ennes ne sont pas dupes, la l\u00e2chet\u00e9 de leurs dirigeants frise l\u2019ind\u00e9cence. Les autorit\u00e9s allemandes ont ainsi vite fait de mettre un plan de protection des \u00e9difices religieux juifs tandis que l\u2019Autriche de hisser le drapeau \u00e0 l\u2019\u00e9toile de David sur tous les \u00e9difices publics. Quant aux pays arabes, pour la majorit\u00e9 d\u2019entre eux, le silence &#8211; t\u00eate baiss\u00e9e &#8211; est de rigueur ! De l\u00e0 \u00e0 accourir au chevet de l\u2019agresseur, il n\u2019y a qu\u2019un pas que nombre d\u2019entre eux ont d\u00e9j\u00e0 franchi. Entretemps, la liste des victimes palestiniennes s\u2019allonge chaque jour un peu plus. Amen !<br \/>Brahim Taouchichet<\/p>\n<p>Auteur:<br \/>\n<a href=\"https:\/\/www.lesoirdalgerie.com\/monde\/leurope-hantee-par-les-crimes-nazis-61186\">Cliquez ici pour lire l&rsquo;article depuis sa source.<\/a><\/p>\n","protected":false},"excerpt":{"rendered":"<p>L\u2019Europe, qui a livr\u00e9 sans \u00e9tat d\u2019\u00e2me des dizaines de milliers de ses concitoyens de confession juive \u00e0 la barbarie nazie, voit remonter \u00e0 la surface, \u00e0 la faveur d\u2019\u00e9v\u00e9nements tragiques, comme c\u2019est le cas pour la Palestine, ses vieux d\u00e9mons qu\u2019elle n\u2019arrive pas \u00e0 exorciser.Les dirigeants de la Vieille Europe veulent \u00e0 tout prix [&hellip;]<\/p>\n","protected":false},"author":1741,"featured_media":0,"comment_status":"closed","ping_status":"closed","sticky":false,"template":"","format":"standard","meta":{"fifu_image_url":"","fifu_image_alt":"","footnotes":""},"categories":[73,53],"tags":[],"class_list":["post-116840","post","type-post","status-publish","format-standard","hentry","category-actualite","category-algerie"],"_links":{"self":[{"href":"https:\/\/linitiative.ca\/International\/wp-json\/wp\/v2\/posts\/116840","targetHints":{"allow":["GET"]}}],"collection":[{"href":"https:\/\/linitiative.ca\/International\/wp-json\/wp\/v2\/posts"}],"about":[{"href":"https:\/\/linitiative.ca\/International\/wp-json\/wp\/v2\/types\/post"}],"author":[{"embeddable":true,"href":"https:\/\/linitiative.ca\/International\/wp-json\/wp\/v2\/users\/1741"}],"replies":[{"embeddable":true,"href":"https:\/\/linitiative.ca\/International\/wp-json\/wp\/v2\/comments?post=116840"}],"version-history":[{"count":0,"href":"https:\/\/linitiative.ca\/International\/wp-json\/wp\/v2\/posts\/116840\/revisions"}],"wp:attachment":[{"href":"https:\/\/linitiative.ca\/International\/wp-json\/wp\/v2\/media?parent=116840"}],"wp:term":[{"taxonomy":"category","embeddable":true,"href":"https:\/\/linitiative.ca\/International\/wp-json\/wp\/v2\/categories?post=116840"},{"taxonomy":"post_tag","embeddable":true,"href":"https:\/\/linitiative.ca\/International\/wp-json\/wp\/v2\/tags?post=116840"}],"curies":[{"name":"wp","href":"https:\/\/api.w.org\/{rel}","templated":true}]}}