{"id":116841,"date":"2021-05-16T06:00:00","date_gmt":"2021-05-16T10:00:00","guid":{"rendered":"https:\/\/linitiative.ca\/International\/lintifadha-el-moubaraka\/"},"modified":"2021-05-16T06:00:00","modified_gmt":"2021-05-16T10:00:00","slug":"lintifadha-el-moubaraka","status":"publish","type":"post","link":"https:\/\/linitiative.ca\/International\/lintifadha-el-moubaraka\/","title":{"rendered":"L\u2019Intifadha el moubaraka"},"content":{"rendered":"<p>Un Libanais a \u00e9t\u00e9 tu\u00e9 dans cette troisi\u00e8me Intifadha, de tr\u00e8s grande ampleur, \u00e0 laquelle ne s\u2019attendait pas l\u2019occupant sioniste. Au Sud-Liban, Palestiniens et Libanais manifestent contre l\u2019agression isra\u00e9lienne \u00e0 El-Qods, Ghaza et en Cisjordanie.\u00a0<br \/>L\u2019\u00c9tat sioniste de Netanyahu aura d\u00e9sormais \u00e0 faire face \u00e0 plusieurs fronts de r\u00e9sistance auxquels il faudra ajouter celui de la Jordanie o\u00f9 les citoyens de ce pays tentent de franchir la fronti\u00e8re le s\u00e9parant de l\u2019\u00c9tat d\u2019Isra\u00ebl, semant la peur et le d\u00e9sarroi en Palestine occup\u00e9e et dans une arm\u00e9e sur\u00e9quip\u00e9e. L\u2019aviation et l\u2019artillerie lourde au 5e jour ne font que radicaliser la r\u00e9sistance malgr\u00e9 les morts et les destructions. Il est vrai qu\u2019il serait ridicule de croire \u00e0 un face-\u00e0-face \u00abIsra\u00ebl-Hamas terroriste\u00bb, comme veulent nous le faire avaler les m\u00e9dias occidentaux.\u00a0<br \/>Autant de martyrs au Sud-Liban, \u00e0 El-Qods, \u00e0 Ghaza, en Cisjordanie. Et la liste est ouverte car il faut ajouter le soul\u00e8vement des Palestiniens dans certaines villes occup\u00e9es depuis 1948.<br \/>B. T.<\/p>\n<p>Auteur:<br \/>\n<a href=\"https:\/\/www.lesoirdalgerie.com\/monde\/lintifadha-el-moubaraka-61185\">Cliquez ici pour lire l&rsquo;article depuis sa source.<\/a><\/p>\n","protected":false},"excerpt":{"rendered":"<p>Un Libanais a \u00e9t\u00e9 tu\u00e9 dans cette troisi\u00e8me Intifadha, de tr\u00e8s grande ampleur, \u00e0 laquelle ne s\u2019attendait pas l\u2019occupant sioniste. Au Sud-Liban, Palestiniens et Libanais manifestent contre l\u2019agression isra\u00e9lienne \u00e0 El-Qods, Ghaza et en Cisjordanie.\u00a0L\u2019\u00c9tat sioniste de Netanyahu aura d\u00e9sormais \u00e0 faire face \u00e0 plusieurs fronts de r\u00e9sistance auxquels il faudra ajouter celui de la [&hellip;]<\/p>\n","protected":false},"author":1741,"featured_media":0,"comment_status":"closed","ping_status":"closed","sticky":false,"template":"","format":"standard","meta":{"fifu_image_url":"","fifu_image_alt":"","footnotes":""},"categories":[73,53],"tags":[],"class_list":["post-116841","post","type-post","status-publish","format-standard","hentry","category-actualite","category-algerie"],"_links":{"self":[{"href":"https:\/\/linitiative.ca\/International\/wp-json\/wp\/v2\/posts\/116841","targetHints":{"allow":["GET"]}}],"collection":[{"href":"https:\/\/linitiative.ca\/International\/wp-json\/wp\/v2\/posts"}],"about":[{"href":"https:\/\/linitiative.ca\/International\/wp-json\/wp\/v2\/types\/post"}],"author":[{"embeddable":true,"href":"https:\/\/linitiative.ca\/International\/wp-json\/wp\/v2\/users\/1741"}],"replies":[{"embeddable":true,"href":"https:\/\/linitiative.ca\/International\/wp-json\/wp\/v2\/comments?post=116841"}],"version-history":[{"count":0,"href":"https:\/\/linitiative.ca\/International\/wp-json\/wp\/v2\/posts\/116841\/revisions"}],"wp:attachment":[{"href":"https:\/\/linitiative.ca\/International\/wp-json\/wp\/v2\/media?parent=116841"}],"wp:term":[{"taxonomy":"category","embeddable":true,"href":"https:\/\/linitiative.ca\/International\/wp-json\/wp\/v2\/categories?post=116841"},{"taxonomy":"post_tag","embeddable":true,"href":"https:\/\/linitiative.ca\/International\/wp-json\/wp\/v2\/tags?post=116841"}],"curies":[{"name":"wp","href":"https:\/\/api.w.org\/{rel}","templated":true}]}}