{"id":116842,"date":"2021-05-16T06:00:00","date_gmt":"2021-05-16T10:00:00","guid":{"rendered":"https:\/\/linitiative.ca\/International\/130-palestiniens-assassines-en-4-jours-dont-31-enfants\/"},"modified":"2021-05-16T06:00:00","modified_gmt":"2021-05-16T10:00:00","slug":"130-palestiniens-assassines-en-4-jours-dont-31-enfants","status":"publish","type":"post","link":"https:\/\/linitiative.ca\/International\/130-palestiniens-assassines-en-4-jours-dont-31-enfants\/","title":{"rendered":"130 Palestiniens assassin\u00e9s en 4 jours dont 31 enfants"},"content":{"rendered":"<p class=\"c3\">Affrontements et manifestations de tr\u00e8s grande ampleur depuis la deuxi\u00e8me Intifada.<br \/>Pr\u00e8s de 130 Palestiniens ont \u00e9t\u00e9 assassin\u00e9s par l&rsquo;arm\u00e9e et la police de l&rsquo;entit\u00e9 sioniste dans les territoires palestiniens occup\u00e9s et \u00e0 Ghaza en quatre jours, selon des sources palestiniennes. En Cisjordanie, occup\u00e9e par le r\u00e9gime sioniste depuis plus de 50 ans, les agressions contre les civils palestiniens ont \u00e9t\u00e9 tr\u00e8s violentes avec 11 Palestiniens tu\u00e9s, la plupart par des balles r\u00e9elles tir\u00e9es par les soldats isra\u00e9liens, et plus de 150 bless\u00e9s, selon les autorit\u00e9s palestiniennes. \u00abOn n&rsquo;a pas vu des affrontements et des manifestations (de cette ampleur) depuis la deuxi\u00e8me Intifada\u00bb, le soul\u00e8vement palestinien de 2000 \u00e0 2005, a d\u00e9clar\u00e9 un responsable palestinien. \u00abCe serait une honte de ne rien faire quand on voit ce qu&rsquo;il se passe \u00e0 Ghaza, si nos dirigeants ne font rien, nous devons faire quelque chose\u00bb, a d\u00e9clar\u00e9, keffieh enroul\u00e9 sur la t\u00eate, Ouday Hassan, un manifestant de 21 ans, \u00e0 Al-Bireh pr\u00e8s de Ramallah. Pour la seule Ghaza, les agressions isra\u00e9liennes se sont poursuivies avec des raids a\u00e9riens et des tirs d&rsquo;artillerie tuant 119 Palestiniens depuis lundi, rapportent des agences. Parmi les victimes des bombardements isra\u00e9liens figurent 31 enfants en plus de 830 autres Palestiniens bless\u00e9s, selon les autorit\u00e9s de Ghaza.<br \/>R. I.<\/p>\n<p>Auteur:<br \/>\n<a href=\"https:\/\/www.lesoirdalgerie.com\/monde\/130-palestiniens-assassines-en-4-jours-dont-31-enfants-61184\">Cliquez ici pour lire l&rsquo;article depuis sa source.<\/a><\/p>\n","protected":false},"excerpt":{"rendered":"<p>Affrontements et manifestations de tr\u00e8s grande ampleur depuis la deuxi\u00e8me Intifada.Pr\u00e8s de 130 Palestiniens ont \u00e9t\u00e9 assassin\u00e9s par l&rsquo;arm\u00e9e et la police de l&rsquo;entit\u00e9 sioniste dans les territoires palestiniens occup\u00e9s et \u00e0 Ghaza en quatre jours, selon des sources palestiniennes. En Cisjordanie, occup\u00e9e par le r\u00e9gime sioniste depuis plus de 50 ans, les agressions contre [&hellip;]<\/p>\n","protected":false},"author":1741,"featured_media":0,"comment_status":"closed","ping_status":"closed","sticky":false,"template":"","format":"standard","meta":{"fifu_image_url":"","fifu_image_alt":"","footnotes":""},"categories":[73,53],"tags":[],"class_list":["post-116842","post","type-post","status-publish","format-standard","hentry","category-actualite","category-algerie"],"_links":{"self":[{"href":"https:\/\/linitiative.ca\/International\/wp-json\/wp\/v2\/posts\/116842","targetHints":{"allow":["GET"]}}],"collection":[{"href":"https:\/\/linitiative.ca\/International\/wp-json\/wp\/v2\/posts"}],"about":[{"href":"https:\/\/linitiative.ca\/International\/wp-json\/wp\/v2\/types\/post"}],"author":[{"embeddable":true,"href":"https:\/\/linitiative.ca\/International\/wp-json\/wp\/v2\/users\/1741"}],"replies":[{"embeddable":true,"href":"https:\/\/linitiative.ca\/International\/wp-json\/wp\/v2\/comments?post=116842"}],"version-history":[{"count":0,"href":"https:\/\/linitiative.ca\/International\/wp-json\/wp\/v2\/posts\/116842\/revisions"}],"wp:attachment":[{"href":"https:\/\/linitiative.ca\/International\/wp-json\/wp\/v2\/media?parent=116842"}],"wp:term":[{"taxonomy":"category","embeddable":true,"href":"https:\/\/linitiative.ca\/International\/wp-json\/wp\/v2\/categories?post=116842"},{"taxonomy":"post_tag","embeddable":true,"href":"https:\/\/linitiative.ca\/International\/wp-json\/wp\/v2\/tags?post=116842"}],"curies":[{"name":"wp","href":"https:\/\/api.w.org\/{rel}","templated":true}]}}