{"id":116843,"date":"2021-05-16T06:05:06","date_gmt":"2021-05-16T10:05:06","guid":{"rendered":"https:\/\/linitiative.ca\/International\/algerie-le-dg-marocain-damana-assurance-prie-de-rendre-les-cles-de-lentreprise\/"},"modified":"2021-05-16T06:05:06","modified_gmt":"2021-05-16T10:05:06","slug":"algerie-le-dg-marocain-damana-assurance-prie-de-rendre-les-cles-de-lentreprise","status":"publish","type":"post","link":"https:\/\/linitiative.ca\/International\/algerie-le-dg-marocain-damana-assurance-prie-de-rendre-les-cles-de-lentreprise\/","title":{"rendered":"Alg\u00e9rie : le DG marocain d\u2019Amana Assurance pri\u00e9 de rendre les cl\u00e9s de l\u2019entreprise"},"content":{"rendered":"<p><strong>En Alg\u00e9rie, le Marocain Abdelhak El Mansour, directeur g\u00e9n\u00e9ral d\u2019Amana Assurance vient d\u2019\u00eatre d\u00e9mis de ses fonctions. Ce limogeage intervient suite \u00e0 la directive du pr\u00e9sident alg\u00e9rien Abdelmajid Tebboune ordonnant aux entreprises alg\u00e9riennes de rompre tout contrat de prestation avec les entreprises marocaines, soi-disant avoir re\u00e7u un rapport indiquant que des soci\u00e9t\u00e9s d\u2019assurance avaient sign\u00e9 des contrats avec des entreprises du Royaume.<\/strong><\/p>\n<div class=\"c10\">\n<\/div>\n<p>Si la directive du pr\u00e9sident alg\u00e9rien Abdelmajid Tebboune ordonnant aux entreprises alg\u00e9riennes de rompre tout contrat de prestation avec les entreprises marocaines semble laisser indiff\u00e9rents les hommes d\u2019affaires locaux, elle vient de faire tout de m\u00eame une victime collat\u00e9rale. Jusque-l\u00e0, directeur g\u00e9n\u00e9ral d\u2019Amana Assurance (ex-Soci\u00e9t\u00e9 d\u2019assurance et de pr\u00e9voyance en sant\u00e9), le Marocain Abdelhak El Mansour, vient d\u2019\u00eatre pri\u00e9 par les membres du Conseil d\u2019administration du sp\u00e9cialiste en assurance de personnes (compl\u00e9mentaire) de rendre les cl\u00e9s de l\u2019entreprise. A la t\u00eate d\u2019Amana Assurance, Abdelhak El Mansour a \u00e9t\u00e9 remplac\u00e9 par son directeur g\u00e9n\u00e9ral adjoint, l\u2019Alg\u00e9rien Abdi Mohand-Outabet. Pour rappel, cr\u00e9\u00e9e en 2011, Amana Assurance est une filiale du partenaire fran\u00e7ais Macif dans le cadre de la r\u00e8gle 49\/51. Ses actionnaires alg\u00e9riens sont la Soci\u00e9t\u00e9 nationale d\u2019assurance (SAA), la Banque de d\u00e9veloppement local (BDL) et la Banque de l\u2019agriculture et du d\u00e9veloppement rural (BADR).<\/p>\n<p><strong>Lire aussi| <a href=\"https:\/\/www.challenge.ma\/lacteur-marocain-hammadi-ammor-nest-plus-184573\/\">L\u2019acteur marocain Hammadi Ammor n\u2019est plus<\/a><\/strong><\/p>\n<p>Le Marocain Abdelhak El Mansour connait bien le march\u00e9 alg\u00e9rien de l\u2019assurance pour y avoir cr\u00e9\u00e9 deux filiales (dommages et vie) et lanc\u00e9 des activit\u00e9s, de janvier 2009 \u00e0 octobre 2014 en sa qualit\u00e9 de Directeur G\u00e9n\u00e9ral Adjoint AXA Alg\u00e9rie. Il rejoindra ensuite AXA Maroc o\u00f9 il a \u00e9t\u00e9 nomm\u00e9 secr\u00e9taire g\u00e9n\u00e9ral avant de prendre une ann\u00e9e plus tard la direction des op\u00e9rations strat\u00e9giques du groupe fran\u00e7ais pour l\u2019Afrique subsaharienne. En avril 2019, il quitte AXA pour un autre groupe fran\u00e7ais Macif, qui lui confie les r\u00eanes de sa filiale alg\u00e9rienne, Amana Assurance.<\/p>\n<p>Form\u00e9 \u00e0 l\u2019Ecole centrale de Paris et au centre d\u2019\u00e9tudes actuarielles, Abdelhak El Mansour a commenc\u00e9 sa carri\u00e8re professionnelle en 1989 dans l\u2019Hexagone comme Charg\u00e9 d\u2019un centre de profit au sein de Sword Informatique (SSII) avant d\u2019int\u00e9grer le Groupe AXA en tant que Responsable Domaine Applicatif au niveau de la Direction Centrale des Syst\u00e8mes d\u2019information. Six ans apr\u00e8s, il est nomm\u00e9 Responsable Manager Technique et Finance chez AXA Direct France o\u00f9 il passera une ann\u00e9e avant de mettre le cap sur l\u2019Alg\u00e9rie pour occuper jusqu\u2019en 2008 la fonction de Directeur G\u00e9n\u00e9ral Adjoint GAM Assurance-ECP Investments.\u00a0\u00a0<\/p>\n<p><strong>Lire aussi| <a href=\"https:\/\/www.challenge.ma\/la-ferme-eolienne-del-oualidia-livre-enfin-ses-premiers-kwh-183325\/\">La ferme \u00e9olienne d\u2019El Oualidia livre enfin ses premiers KwH<\/a><\/strong><\/p>\n<p>Auteur: challenge<br \/>\n<a href=\"https:\/\/www.challenge.ma\/algerie-le-dg-marocain-damana-assurance-prie-de-rendre-les-cles-de-lentreprise-184610\/\">Cliquez ici pour lire l&rsquo;article depuis sa source.<\/a><\/p>\n","protected":false},"excerpt":{"rendered":"<p>En Alg\u00e9rie, le Marocain Abdelhak El Mansour, directeur g\u00e9n\u00e9ral d\u2019Amana Assurance vient d\u2019\u00eatre d\u00e9mis de ses fonctions. Ce limogeage intervient suite \u00e0 la directive du pr\u00e9sident alg\u00e9rien Abdelmajid Tebboune ordonnant aux entreprises alg\u00e9riennes de rompre tout contrat de prestation avec les entreprises marocaines, soi-disant avoir re\u00e7u un rapport indiquant que des soci\u00e9t\u00e9s d\u2019assurance avaient sign\u00e9 [&hellip;]<\/p>\n","protected":false},"author":1787,"featured_media":0,"comment_status":"closed","ping_status":"closed","sticky":false,"template":"","format":"standard","meta":{"fifu_image_url":"","fifu_image_alt":"","footnotes":""},"categories":[78,54],"tags":[],"class_list":["post-116843","post","type-post","status-publish","format-standard","hentry","category-economie","category-maroc"],"_links":{"self":[{"href":"https:\/\/linitiative.ca\/International\/wp-json\/wp\/v2\/posts\/116843","targetHints":{"allow":["GET"]}}],"collection":[{"href":"https:\/\/linitiative.ca\/International\/wp-json\/wp\/v2\/posts"}],"about":[{"href":"https:\/\/linitiative.ca\/International\/wp-json\/wp\/v2\/types\/post"}],"author":[{"embeddable":true,"href":"https:\/\/linitiative.ca\/International\/wp-json\/wp\/v2\/users\/1787"}],"replies":[{"embeddable":true,"href":"https:\/\/linitiative.ca\/International\/wp-json\/wp\/v2\/comments?post=116843"}],"version-history":[{"count":0,"href":"https:\/\/linitiative.ca\/International\/wp-json\/wp\/v2\/posts\/116843\/revisions"}],"wp:attachment":[{"href":"https:\/\/linitiative.ca\/International\/wp-json\/wp\/v2\/media?parent=116843"}],"wp:term":[{"taxonomy":"category","embeddable":true,"href":"https:\/\/linitiative.ca\/International\/wp-json\/wp\/v2\/categories?post=116843"},{"taxonomy":"post_tag","embeddable":true,"href":"https:\/\/linitiative.ca\/International\/wp-json\/wp\/v2\/tags?post=116843"}],"curies":[{"name":"wp","href":"https:\/\/api.w.org\/{rel}","templated":true}]}}