{"id":116844,"date":"2021-05-16T07:20:57","date_gmt":"2021-05-16T11:20:57","guid":{"rendered":"https:\/\/linitiative.ca\/International\/maroc-turquie-la-nouvelle-version-de-laccord-de-libre-echange-entre-en-vigueur\/"},"modified":"2021-05-16T07:20:57","modified_gmt":"2021-05-16T11:20:57","slug":"maroc-turquie-la-nouvelle-version-de-laccord-de-libre-echange-entre-en-vigueur","status":"publish","type":"post","link":"https:\/\/linitiative.ca\/International\/maroc-turquie-la-nouvelle-version-de-laccord-de-libre-echange-entre-en-vigueur\/","title":{"rendered":"Maroc-Turquie : la nouvelle version de l\u2019accord de libre- \u00e9change entre en vigueur"},"content":{"rendered":"<p><strong>Tr\u00e8s attendu par la communaut\u00e9 des affaires, l\u2019accord sur l\u2019avenant de l\u2019accord de libre- \u00e9change (ALE) Maroc-Turquie, sign\u00e9 en ao\u00fbt dernier entre les deux pays, est entr\u00e9 en vigueur. L\u2019amendement de cet ALE a \u00e9t\u00e9 publi\u00e9 au dernier bulletin officiel. Les principales nouveaut\u00e9s.<\/strong><\/p>\n<div class=\"c10\">\n<\/div>\n<p>Jamais un ALE sign\u00e9 par le Maroc n\u2019a \u00e9t\u00e9 critiqu\u00e9 comme celui nou\u00e9 avec la Turquie, obligeant m\u00eame le ministre de l\u2019industrie et du commerce, Moulay Hafid Elalamy, \u00e0 s\u2019engager en novembre 2019 devant la Chambre des conseillers que \u00ab les ALE qui nuisent au Maroc [seraient] d\u00e9nonc\u00e9s \u00bb. C\u2019est ainsi que le 15 janvier 2020, Elalamy et son homologue turc, Ruhsar Pekcan, ont convenu, \u00e0 l\u2019issue de leur rencontre \u00e0 Rabat, de revoir les conditions de l\u2019ALE pour un commerce plus \u00e9quilibr\u00e9. Depuis, une commission technique Maroc-Turquie a \u00e9t\u00e9 mise en place pour \u00e9tudier les possibilit\u00e9s de r\u00e9\u00e9quilibrer les \u00e9changes commerciaux entre les deux pays. Celle-ci, apr\u00e8s plusieurs mois de travail, est parvenue \u00e0 amender l\u2019accord. Sign\u00e9 en ao\u00fbt dernier et adopt\u00e9 le 8 octobre 2020 en conseil de gouvernement, cet amendement, scell\u00e9 par un avenant \u00e0 l\u2019accord de 2004 (entr\u00e9 en vigueur en 2006), a \u00e9t\u00e9 publi\u00e9 au dernier bulletin officiel, le jeudi 13 mai. Qui des principales nouveaut\u00e9s\u00a0?<\/p>\n<p><strong>Lire aussi| <a href=\"https:\/\/www.challenge.ma\/algerie-le-dg-marocain-damana-assurance-prie-de-rendre-les-cles-de-lentreprise-184610\/\">Alg\u00e9rie : le DG marocain d\u2019Amana Assurance pri\u00e9 de rendre les cl\u00e9s de l\u2019entreprise<\/a><\/strong><\/p>\n<p>Rabat a obtenu d\u2019Ankara une liste n\u00e9gative de produits sur lesquels les droits de douanes seront r\u00e9tablis \u00e0 hauteur de 90% du droit commun. Cette liste n\u00e9gative concerne plus de 1.200 produits, correspondant \u00e0 630 positions tarifaires, li\u00e9es aux secteurs du textile-habillement, du cuir, de la m\u00e9tallurgie, de l\u2019\u00e9lectricit\u00e9, du bois et de l\u2019automobile.\u00a0 A noter que ces nouveaux droits de douane restent valables pour une p\u00e9riode de 5 ans, renouvelable une seule fois pour la m\u00eame p\u00e9riode.\u00a0 Cerise sur le g\u00e2teau\u00a0: l\u2019amendement pr\u00e9voit la possibilit\u00e9 de r\u00e9tablir les droits de douane sur les produits originaires de Turquie et qui peuvent causer des dommages \u00e0 l\u2019industrie marocaine.<\/p>\n<p>Aujourd\u2019hui, aussi bien la tutelle que la communaut\u00e9 des affaires, tout le monde compte sur cet amendement pour r\u00e9\u00e9quilibrer les \u00e9changes commerciaux entre les deux pays.\u00a0 Car depuis l\u2019entr\u00e9e en vigueur de l\u2019ALE, la Turquie semble profiter plus des facilit\u00e9s de l\u2019accord, du moins si l\u2019on s\u2019en tient aux statistiques. En effet, le d\u00e9ficit commercial du Royaume avec la Turquie a atteint 19,5 milliards de DH en 2019. Il a quasiment quadrupl\u00e9 depuis l\u2019entr\u00e9e en vigueur de l\u2019ALE. Les importations dans le cadre de ce dernier repr\u00e9sentent les trois quarts des importations depuis la Turquie. Le d\u00e9ficit commercial avec ce pays est le troisi\u00e8me plus important par pays, apr\u00e8s la Chine (-47 milliards de DH) et les Etats-Unis (-25 milliards de DH). Toujours est-il qu\u2019il va attendre au moins une ann\u00e9e pour mesurer l\u2019impact des changements.<\/p>\n<p><strong>Lire aussi| <a href=\"https:\/\/www.challenge.ma\/lacteur-marocain-hammadi-ammor-nest-plus-184573\/\">L\u2019acteur marocain Hammadi Ammor n\u2019est plus<\/a><\/strong><\/p>\n<p>Auteur: Adama Sylla<br \/>\n<a href=\"https:\/\/www.challenge.ma\/maroc-turquie-la-nouvelle-version-de-laccord-de-libre-echange-est-entree-en-vigueur-184620\/\">Cliquez ici pour lire l&rsquo;article depuis sa source.<\/a><\/p>\n","protected":false},"excerpt":{"rendered":"<p>Tr\u00e8s attendu par la communaut\u00e9 des affaires, l\u2019accord sur l\u2019avenant de l\u2019accord de libre- \u00e9change (ALE) Maroc-Turquie, sign\u00e9 en ao\u00fbt dernier entre les deux pays, est entr\u00e9 en vigueur. L\u2019amendement de cet ALE a \u00e9t\u00e9 publi\u00e9 au dernier bulletin officiel. Les principales nouveaut\u00e9s. Jamais un ALE sign\u00e9 par le Maroc n\u2019a \u00e9t\u00e9 critiqu\u00e9 comme celui [&hellip;]<\/p>\n","protected":false},"author":1787,"featured_media":0,"comment_status":"closed","ping_status":"closed","sticky":false,"template":"","format":"standard","meta":{"fifu_image_url":"","fifu_image_alt":"","footnotes":""},"categories":[78,54],"tags":[],"class_list":["post-116844","post","type-post","status-publish","format-standard","hentry","category-economie","category-maroc"],"_links":{"self":[{"href":"https:\/\/linitiative.ca\/International\/wp-json\/wp\/v2\/posts\/116844","targetHints":{"allow":["GET"]}}],"collection":[{"href":"https:\/\/linitiative.ca\/International\/wp-json\/wp\/v2\/posts"}],"about":[{"href":"https:\/\/linitiative.ca\/International\/wp-json\/wp\/v2\/types\/post"}],"author":[{"embeddable":true,"href":"https:\/\/linitiative.ca\/International\/wp-json\/wp\/v2\/users\/1787"}],"replies":[{"embeddable":true,"href":"https:\/\/linitiative.ca\/International\/wp-json\/wp\/v2\/comments?post=116844"}],"version-history":[{"count":0,"href":"https:\/\/linitiative.ca\/International\/wp-json\/wp\/v2\/posts\/116844\/revisions"}],"wp:attachment":[{"href":"https:\/\/linitiative.ca\/International\/wp-json\/wp\/v2\/media?parent=116844"}],"wp:term":[{"taxonomy":"category","embeddable":true,"href":"https:\/\/linitiative.ca\/International\/wp-json\/wp\/v2\/categories?post=116844"},{"taxonomy":"post_tag","embeddable":true,"href":"https:\/\/linitiative.ca\/International\/wp-json\/wp\/v2\/tags?post=116844"}],"curies":[{"name":"wp","href":"https:\/\/api.w.org\/{rel}","templated":true}]}}