{"id":116846,"date":"2021-05-16T15:57:24","date_gmt":"2021-05-16T19:57:24","guid":{"rendered":"https:\/\/linitiative.ca\/International\/mehdi-hijaouy-lintelligence-economique-et-strategique-se-developpe-de-maniere-significative-au-maroc\/"},"modified":"2021-05-16T15:57:24","modified_gmt":"2021-05-16T19:57:24","slug":"mehdi-hijaouy-lintelligence-economique-et-strategique-se-developpe-de-maniere-significative-au-maroc","status":"publish","type":"post","link":"https:\/\/linitiative.ca\/International\/mehdi-hijaouy-lintelligence-economique-et-strategique-se-developpe-de-maniere-significative-au-maroc\/","title":{"rendered":"Mehdi Hijaouy : \u00abl\u2019intelligence \u00e9conomique et strat\u00e9gique se d\u00e9veloppe de mani\u00e8re significative au Maroc \u00bb"},"content":{"rendered":"<p><strong>L\u2019Intelligence Economique et Strat\u00e9gique (<\/strong><strong>IES) s\u2019av\u00e8re un outil de leadership. Pourtant, sa d\u00e9clinaison peut varier d\u2019un pays \u00e0 un autre. Mehdi Hijaouy, expert en s\u00e9curit\u00e9, d\u00e9fense, strat\u00e9gie et intelligence \u00e9conomique, fait le point sur cet instrument de pouvoir.<\/strong><\/p>\n<div class=\"c10\">\n<\/div>\n<p><strong>Challenge : Qu\u2019est-ce que l\u2019Intelligence strat\u00e9gique ?<\/strong><\/p>\n<p><strong>Mehdi Hijaouy\u00a0:<\/strong> Il s\u2019agit l\u00e0 de toute une mati\u00e8re qui a ses propres sources, m\u00e9thodes et moyens de mise en \u0153uvre. C\u2019est tout simplement un outil d\u2019aide \u00e0 l\u2019action et \u00e0 la prise de d\u00e9cision. Souvent apparent\u00e9e \u00e0 l\u2019Intelligence \u00e9conomique, l\u2019intelligence strat\u00e9gique est un instrument qui a toujours exist\u00e9 mais qui reste peu exploit\u00e9, voire n\u00e9glig\u00e9 par un grand nombre de d\u00e9cideurs. Je trouve que la d\u00e9finition de Carlo Revelli<a href=\"#_ftn1\">[1]<\/a> est compl\u00e8te. Selon cet auteur, \u00ab\u00a0l\u2019intelligence strat\u00e9gique est un processus de collecte, traitement et diffusion de l\u2019information qui a pour objet la r\u00e9duction de la part d\u2019incertitude dans la prise de toute d\u00e9cision strat\u00e9gique. Si \u00e0 cette finalit\u00e9 on ajoute la volont\u00e9 de mener des actions d\u2019influence, il convient de parler alors d\u2019intelligence \u00e9conomique. \u00bb<\/p>\n<p><strong>Challenge : Qu\u2019en est-il de l\u2019intelligence \u00e9conomique ? Quelle diff\u00e9rence faites-vous avec l\u2019intelligence strat\u00e9gique\u00a0?<\/strong><\/p>\n<p><strong>M.H :<\/strong> En France, on parle d\u2019intelligence \u00e9conomique alors qu\u2019en Belgique, l\u2019on retrouve la notion d\u2019intelligence strat\u00e9gique. Chez les anglosaxons, il s\u2019agit d\u2019intelligence concurrentielle (comp\u00e9titive intelligence). Au fait, la d\u00e9finition d\u2019intelligence est universelle. Il s\u2019agit \u00ab\u00a0d\u2019un savoir issu de la compr\u00e9hension des principes de base qui pr\u00e9sident la connaissance et permet de cr\u00e9er des sc\u00e9narios, de modifier des strat\u00e9gies et d\u2019innover\u00a0\u00bb.<\/p>\n<p><strong>Lire aussi| <a href=\"https:\/\/www.challenge.ma\/le-groupe-odm-rachete-la-polyclinique-atlas-casablanca-184638\/\">Le groupe ODM rach\u00e8te la \u00abPolyclinique Atlas Casablanca\u00bb<\/a><\/strong><\/p>\n<p>Quant aux qualificatifs utilis\u00e9s \u2013 souvent en forte abondance (business intelligence, corporate intelligence, espionnage \u00e9conomique, competitive intelligence, etc.) \u2013 parfois m\u00eame de n\u2019importe quelle mani\u00e8re, un expert averti en IE ne manquerait pas de relever les similitudes et les diff\u00e9rences entre ces diff\u00e9rents concepts. Selon le Rapport Martre, \u00e9labor\u00e9 en 1994 par le Commissariat fran\u00e7ais g\u00e9n\u00e9ral du Plan, \u00ab\u00a0L\u2019intelligence \u00e9conomique peut se d\u00e9finir comme l\u2019ensemble des actions coordonn\u00e9es de recherche, de traitement, de diffusion et de protection de l\u2019information strat\u00e9gique, associant \u00e9ventuellement l\u2019Etat et les entreprises. L\u2019information recherch\u00e9e est vaste et s\u2019\u00e9tend aux domaines \u00e9conomique, concurrentiel, scientifique, technologique, juridique, g\u00e9opolitique, etc. \u00bb.<\/p>\n<p>Je compl\u00e9terais cette d\u00e9finition par celle de Bernard Besson<a href=\"#_ftn2\">[2]<\/a> qui a pr\u00e9cis\u00e9 que l\u2019IE est comme \u00ab un cycle d\u2019informations dont la finalit\u00e9 est la production de renseignements strat\u00e9giques et tactiques \u00e0 haute valeur ajout\u00e9e \u00bb. Quant \u00e0 l\u2019Intelligence strat\u00e9gique, cette expression renvoie, tout simplement, \u00e0 l\u2019intelligence \u00e9conomique, ainsi qu\u2019au knowledge management.<\/p>\n<p>A vrai dire, il serait plus commode d\u2019utiliser l\u2019expression d\u2019Intelligence Economique et Strat\u00e9gique (IES) qui englobe des actions de veille et d\u2019alerte, des exercices de synth\u00e8se et d\u2019\u00e9tude, d\u2019influence et de contre-influence au profit d\u2019acteurs \u00e9tatiques et priv\u00e9s. Dans de nombreux pays, le concept moderne d\u2019IES s\u2019inscrit, carr\u00e9ment, dans le cadre d\u2019une v\u00e9ritable politique publique et \u2013 \u00e0 moindre mesure \u2013 d\u2019un instrument de cette politique.<\/p>\n<p><a href=\"https:\/\/www.challenge.ma\/une-face-cachee-de-la-france-au-sujet-du-conflit-israelo-palestinien-184678\/\"><strong>Lire aussi| Une face cach\u00e9e de la France au sujet du conflit isra\u00e9lo-palestinien<\/strong><\/a><\/p>\n<p><strong>Challenge : Qu\u2019en est-il de l\u2019IES au Maroc\u00a0?<\/strong><\/p>\n<p><strong>M.H :<\/strong> C\u2019est une activit\u00e9 qui se d\u00e9veloppe de mani\u00e8re significative. Certes, un nombre assez important de cabinets sp\u00e9cialis\u00e9s ont \u00e9t\u00e9 cr\u00e9\u00e9s ces derni\u00e8res ann\u00e9es, en tentant d\u2019intervenir dans des domaines de souverainet\u00e9, tels que la s\u00e9curit\u00e9, la d\u00e9fense, les syst\u00e8mes d\u2019information ou encore l\u2019\u00e9nergie.<\/p>\n<p><strong>Challenge : Est-il ais\u00e9 de construire un dispositif d\u2019IES\u00a0dans un \u00e9tablissement ?<\/strong><\/p>\n<p><strong>M.H :<\/strong> Il ne suffit pas de confectionner un syst\u00e8me d\u2019IES mais le plus difficile c\u2019est d\u2019\u00eatre en mesure de l\u2019adapter au domaine d\u2019activit\u00e9 concern\u00e9. Avec ma double casquette d\u2019expert en IES et en S\u00e9curit\u00e9 (Renseignement), je peux vous certifier qu\u2019il est vraiment difficile pour un sp\u00e9cialiste d\u2019IES de tailler un dispositif d\u00e9di\u00e9 au domaine de la s\u00e9curit\u00e9 si celui-ci ne dispose pas d\u2019une r\u00e9elle exp\u00e9rience en la mati\u00e8re ! A l\u2019exemple d\u2019un ing\u00e9nieur informaticien qui essaie de d\u00e9velopper un programme informatique sans pour autant connaitre les r\u00e9els besoins du m\u00e9tier. Il fonce donc droit au mur\u00a0!<\/p>\n<hr class=\"wp-block-separator\"\/>\n<p>[1] PDG de la soci\u00e9t\u00e9 Cybion, Carlo Revelli, de nationalit\u00e9 italienne, est dipl\u00f4m\u00e9 en sciences \u00e9conomiques de l\u2019Universit\u00e9 de Rome et chercheur en sciences de l\u2019information \u00e0 l\u2019Universit\u00e9 Paris Nanterre. Il est auteur de l\u2019ouvrage \u00ab\u00a0intelligence strat\u00e9gique sur Internet\u00a0\u00bb et cr\u00e9ateur des sites <a href=\"http:\/\/www.veille.ma\">www.veille.ma<\/a> et de <a href=\"http:\/\/www.AgentLandfr\">www.AgentLand.fr<\/a><\/p>\n<p>[2] C\u2019est un expert en IE et contr\u00f4leur g\u00e9n\u00e9ral de la police fran\u00e7aise. Il a longtemps \u00e9t\u00e9 directeur des courses et jeux \u00e0 la Direction centrale des Renseignements g\u00e9n\u00e9raux \u00e0 Paris. Il est aussi membre fondateur et membre du conseil d\u2019administration de l\u2019Association Fran\u00e7aise pour le D\u00e9veloppement de l\u2019Intelligence \u00c9conomique.<\/p>\n<p>[3] Ecole de Guerre Economique<\/p>\n<p><strong>Lire aussi| <a href=\"https:\/\/www.challenge.ma\/maroc-turquie-la-nouvelle-version-de-laccord-de-libre-echange-est-entree-en-vigueur-184620\/\">Maroc-Turquie : la nouvelle version de l\u2019accord de libre- \u00e9change entre en vigueur<\/a><\/strong><\/p>\n<p>Auteur: challenge<br \/>\n<a href=\"https:\/\/www.challenge.ma\/mehdi-hijaouy-lintelligence-economique-et-strategique-se-developpe-de-maniere-significative-au-maroc-184665\/\">Cliquez ici pour lire l&rsquo;article depuis sa source.<\/a><\/p>\n","protected":false},"excerpt":{"rendered":"<p>L\u2019Intelligence Economique et Strat\u00e9gique (IES) s\u2019av\u00e8re un outil de leadership. Pourtant, sa d\u00e9clinaison peut varier d\u2019un pays \u00e0 un autre. Mehdi Hijaouy, expert en s\u00e9curit\u00e9, d\u00e9fense, strat\u00e9gie et intelligence \u00e9conomique, fait le point sur cet instrument de pouvoir. Challenge : Qu\u2019est-ce que l\u2019Intelligence strat\u00e9gique ? Mehdi Hijaouy\u00a0: Il s\u2019agit l\u00e0 de toute une mati\u00e8re qui [&hellip;]<\/p>\n","protected":false},"author":1787,"featured_media":0,"comment_status":"closed","ping_status":"closed","sticky":false,"template":"","format":"standard","meta":{"fifu_image_url":"","fifu_image_alt":"","footnotes":""},"categories":[78,54],"tags":[],"class_list":["post-116846","post","type-post","status-publish","format-standard","hentry","category-economie","category-maroc"],"_links":{"self":[{"href":"https:\/\/linitiative.ca\/International\/wp-json\/wp\/v2\/posts\/116846","targetHints":{"allow":["GET"]}}],"collection":[{"href":"https:\/\/linitiative.ca\/International\/wp-json\/wp\/v2\/posts"}],"about":[{"href":"https:\/\/linitiative.ca\/International\/wp-json\/wp\/v2\/types\/post"}],"author":[{"embeddable":true,"href":"https:\/\/linitiative.ca\/International\/wp-json\/wp\/v2\/users\/1787"}],"replies":[{"embeddable":true,"href":"https:\/\/linitiative.ca\/International\/wp-json\/wp\/v2\/comments?post=116846"}],"version-history":[{"count":0,"href":"https:\/\/linitiative.ca\/International\/wp-json\/wp\/v2\/posts\/116846\/revisions"}],"wp:attachment":[{"href":"https:\/\/linitiative.ca\/International\/wp-json\/wp\/v2\/media?parent=116846"}],"wp:term":[{"taxonomy":"category","embeddable":true,"href":"https:\/\/linitiative.ca\/International\/wp-json\/wp\/v2\/categories?post=116846"},{"taxonomy":"post_tag","embeddable":true,"href":"https:\/\/linitiative.ca\/International\/wp-json\/wp\/v2\/tags?post=116846"}],"curies":[{"name":"wp","href":"https:\/\/api.w.org\/{rel}","templated":true}]}}