{"id":116847,"date":"2021-05-16T16:48:23","date_gmt":"2021-05-16T20:48:23","guid":{"rendered":"https:\/\/linitiative.ca\/International\/une-face-cachee-de-la-france-au-sujet-du-conflit-israelo-palestinien-video\/"},"modified":"2021-05-16T16:48:23","modified_gmt":"2021-05-16T20:48:23","slug":"une-face-cachee-de-la-france-au-sujet-du-conflit-israelo-palestinien-video","status":"publish","type":"post","link":"https:\/\/linitiative.ca\/International\/une-face-cachee-de-la-france-au-sujet-du-conflit-israelo-palestinien-video\/","title":{"rendered":"Une face cach\u00e9e de la France au sujet du conflit isra\u00e9lo-palestinien [Vid\u00e9o]"},"content":{"rendered":"<p><strong>Prendre de la hauteur par rapport aux actuels \u00e9v\u00e8nements, c\u2019est savoir prendre suffisamment de recul historique et voir ce conflit avec les yeux d\u2019un acteur g\u00e9opolitique neutre. Acteur majeur, toutefois pas si neutre que \u00e7a, puisque c\u2019est <a href=\"https:\/\/www.lepoint.fr\/monde\/quand-shimon-peres-achetait-en-france-la-bombe-nucleaire-30-09-2016-2072513_24.php\">la France qui a fait d\u2019Isra\u00ebl une puissance nucl\u00e9aire r\u00e9gionale.<\/a> La m\u00eame France qui par la voix de son Pr\u00e9sident De Gaulle (voir vid\u00e9o) apporte un \u00e9clairage pr\u00e9monitoire du conflit isra\u00e9lo-palestinien \u00e0 la sortie de la guerre des six jours de 1967.<\/strong><\/p>\n<div class=\"c10\">\n<\/div>\n<p><strong>Par Adil Mesbahi, g\u00e9opolitologue, agnotologue, expert cyber et en intelligence \u00e9conomique et strat\u00e9gique.<\/strong><\/p>\n<figure class=\"wp-block-embed is-type-video is-provider-dailymotion wp-block-embed-dailymotion wp-embed-aspect-4-3 wp-has-aspect-ratio\">\n<div class=\"wp-block-embed__wrapper\"><iframe loading=\"lazy\" title=\"De Gaulle sur Israel guerre 1967\" frameborder=\"0\" width=\"1140\" height=\"855\" src=\"https:\/\/www.dailymotion.com\/embed\/video\/x4paqk\" allowfullscreen=\"allowfullscreen\" allow=\"autoplay\">[embedded content]<\/iframe><\/div>\n<\/figure>\n<p>Auteur: challenge<br \/>\n<a href=\"https:\/\/www.challenge.ma\/une-face-cachee-de-la-france-au-sujet-du-conflit-israelo-palestinien-184678\/\">Cliquez ici pour lire l&rsquo;article depuis sa source.<\/a><\/p>\n","protected":false},"excerpt":{"rendered":"<p>Prendre de la hauteur par rapport aux actuels \u00e9v\u00e8nements, c\u2019est savoir prendre suffisamment de recul historique et voir ce conflit avec les yeux d\u2019un acteur g\u00e9opolitique neutre. Acteur majeur, toutefois pas si neutre que \u00e7a, puisque c\u2019est la France qui a fait d\u2019Isra\u00ebl une puissance nucl\u00e9aire r\u00e9gionale. La m\u00eame France qui par la voix de [&hellip;]<\/p>\n","protected":false},"author":1787,"featured_media":0,"comment_status":"closed","ping_status":"closed","sticky":false,"template":"","format":"standard","meta":{"fifu_image_url":"","fifu_image_alt":"","footnotes":""},"categories":[78,54],"tags":[],"class_list":["post-116847","post","type-post","status-publish","format-standard","hentry","category-economie","category-maroc"],"_links":{"self":[{"href":"https:\/\/linitiative.ca\/International\/wp-json\/wp\/v2\/posts\/116847","targetHints":{"allow":["GET"]}}],"collection":[{"href":"https:\/\/linitiative.ca\/International\/wp-json\/wp\/v2\/posts"}],"about":[{"href":"https:\/\/linitiative.ca\/International\/wp-json\/wp\/v2\/types\/post"}],"author":[{"embeddable":true,"href":"https:\/\/linitiative.ca\/International\/wp-json\/wp\/v2\/users\/1787"}],"replies":[{"embeddable":true,"href":"https:\/\/linitiative.ca\/International\/wp-json\/wp\/v2\/comments?post=116847"}],"version-history":[{"count":0,"href":"https:\/\/linitiative.ca\/International\/wp-json\/wp\/v2\/posts\/116847\/revisions"}],"wp:attachment":[{"href":"https:\/\/linitiative.ca\/International\/wp-json\/wp\/v2\/media?parent=116847"}],"wp:term":[{"taxonomy":"category","embeddable":true,"href":"https:\/\/linitiative.ca\/International\/wp-json\/wp\/v2\/categories?post=116847"},{"taxonomy":"post_tag","embeddable":true,"href":"https:\/\/linitiative.ca\/International\/wp-json\/wp\/v2\/tags?post=116847"}],"curies":[{"name":"wp","href":"https:\/\/api.w.org\/{rel}","templated":true}]}}