{"id":116848,"date":"2021-05-16T15:13:01","date_gmt":"2021-05-16T19:13:01","guid":{"rendered":"https:\/\/linitiative.ca\/International\/video-effondrement-de-gradins-dans-une-synagogue-pres-de-jerusalem\/"},"modified":"2021-05-16T15:13:01","modified_gmt":"2021-05-16T19:13:01","slug":"video-effondrement-de-gradins-dans-une-synagogue-pres-de-jerusalem","status":"publish","type":"post","link":"https:\/\/linitiative.ca\/International\/video-effondrement-de-gradins-dans-une-synagogue-pres-de-jerusalem\/","title":{"rendered":"Vid\u00e9o \u2013 Effondrement de gradins dans une synagogue pr\u00e8s de J\u00e9rusalem"},"content":{"rendered":"<div class=\"post-cont-in left relative\">\n<div id=\"post-info-wrap\" class=\"left relative post-info-out\">\n<div class=\"post-info-img left relative\"><img decoding=\"async\" alt=\"\" src=\"https:\/\/secure.gravatar.com\/avatar\/15bad04153577161b05c79be8f652165?s=50&amp;d=mm&amp;r=g\" srcset=\"https:\/\/secure.gravatar.com\/avatar\/15bad04153577161b05c79be8f652165?s=100&amp;d=mm&amp;r=g 2x\" class=\"avatar avatar-50 photo\" height=\"50\" width=\"50\" loading=\"lazy\"\/><\/div>\n<div class=\"post-info-in\">\n<div class=\"post-info-right left relative post-info-name left relative\"><span><span class=\"post-info-text\">Par<\/span> <span class=\"author-name vcard fn author\"><a href=\"https:\/\/www.tunisienumerique.com\/author\/balkis\/\" title=\"Articles par balkis\" rel=\"author\">balkis<\/a><\/span><\/span> <span class=\"post-date updated\"><time class=\"post-date updated\" datetime=\"2021-05-16\">\u00a0| Il y a 2 heures<\/time><\/span><br \/>\n<meta itemprop=\"dateModified\" content=\"2021-05-16\"\/><\/div>\n<div class=\"left relative\"><button id=\"listenButton1\" class=\"responsivevoice-button\" type=\"button\" value=\"Play\" title=\"\u00c9coutez l'article\"><span>\ud83d\udd0a \u00c9coutez l&rsquo;article<\/span><\/button>\n<\/div>\n<\/div>\n<\/div>\n<p>Plus d\u2019une soixantaine de personnes ont \u00e9t\u00e9 bless\u00e9es dimanche, dont 10 gri\u00e8vement dans l\u2019effondrement des gradins d\u2019une synagogue de Givaat Zeev. La siynagogue est situ\u00e9e dans une colonie isra\u00e9lienne pr\u00e8s de J\u00e9rusalem.<\/p>\n<div class=\"code-block code-block-1 c5\">\n <ins class=\"adsbygoogle c4\" data-ad-layout=\"in-article\" data-ad-format=\"fluid\" data-ad-client=\"ca-pub-2102118777505746\" data-ad-slot=\"7301775417\"\/>\n<\/div>\n<p>Des centaines de personnes \u00e9taient r\u00e9unies pour c\u00e9l\u00e9brer la f\u00eate juive de Chavouot (Pentec\u00f4te) dans cette synagogue lorsque les gradins ont c\u00e9d\u00e9 sous leurs pieds.<\/p>\n<div class=\"swp_social_panel swp_horizontal_panel swp_flat_fresh swp_default_full_color swp_individual_full_color swp_other_full_color scale-100 scale-\" data-min-width=\"1100\" data-float-color=\"#ffffff\" data-float=\"bottom\" data-float-mobile=\"bottom\" data-transition=\"slide\">\n<div class=\"nc_tweetContainer swp_share_button total_shares total_sharesalt\"><span class=\"swp_count\">3 <span class=\"swp_label\">Partages<\/span><\/span><\/div>\n<\/div>\n<p><strong>Que se passe-t-il en Tunisie?<\/strong><br \/>Nous expliquons sur notre <a href=\"https:\/\/www.youtube.com\/channel\/UCRzypVq0B_yBad5eGrwBx0Q?sub_confirmation=1\" target=\"_blank\" rel=\"noopener\">cha\u00eene YouTube<\/a> . <a href=\"https:\/\/www.youtube.com\/channel\/UCRzypVq0B_yBad5eGrwBx0Q?sub_confirmation=1\" target=\"_blank\" rel=\"noopener\">Abonnez-vous!<\/a><\/p>\n<div class=\"mvp-org-wrap\" itemprop=\"publisher\">\n<div class=\"mvp-org-logo\" itemprop=\"logo\"><img decoding=\"async\" src=\"https:\/\/www.tunisienumerique.com\/wp-content\/uploads\/2017\/02\/logo_tunisie_numerique.png\"\/><br \/>\n<meta itemprop=\"url\" content=\"https:\/\/www.tunisienumerique.com\/wp-content\/uploads\/2017\/02\/logo_tunisie_numerique.png\"\/><\/div>\n<p><meta content=\"Tunisie\"\/><\/div>\n<div class=\"mvp-related-posts left relative\">\n<h4 class=\"post-header\"><span class=\"post-header\">Lire aussi<\/span><\/h4>\n<\/div>\n<div id=\"article-ad\">\n <ins class=\"adsbygoogle c6\" data-ad-client=\"ca-pub-2102118777505746\" data-ad-slot=\"6513972734\" data-ad-format=\"auto\" data-full-width-responsive=\"true\"\/>\n<\/div>\n<\/div>\n<div id=\"post-sidebar-wrap\">\n <ins class=\"adsbygoogle c6\" data-ad-client=\"ca-pub-2102118777505746\" data-ad-slot=\"6168283410\" data-ad-format=\"auto\" data-full-width-responsive=\"true\"\/>\n<\/div>\n<p>Auteur: balkis<br \/>\n<a href=\"https:\/\/www.tunisienumerique.com\/effondrement-de-gradins-dans-une-synagogue-pres-de-jerusalem\/\">Cliquez ici pour lire l&rsquo;article depuis sa source.<\/a><\/p>\n","protected":false},"excerpt":{"rendered":"<p>Par balkis \u00a0| Il y a 2 heures \ud83d\udd0a \u00c9coutez l&rsquo;article Plus d\u2019une soixantaine de personnes ont \u00e9t\u00e9 bless\u00e9es dimanche, dont 10 gri\u00e8vement dans l\u2019effondrement des gradins d\u2019une synagogue de Givaat Zeev. La siynagogue est situ\u00e9e dans une colonie isra\u00e9lienne pr\u00e8s de J\u00e9rusalem. Des centaines de personnes \u00e9taient r\u00e9unies pour c\u00e9l\u00e9brer la f\u00eate juive de [&hellip;]<\/p>\n","protected":false},"author":1789,"featured_media":0,"comment_status":"closed","ping_status":"closed","sticky":false,"template":"","format":"standard","meta":{"fifu_image_url":"https:\/\/secure.gravatar.com\/avatar\/15bad04153577161b05c79be8f652165?s=50&d=mm&r=g","fifu_image_alt":"Vid\u00e9o \u2013 Effondrement de gradins dans une synagogue pr\u00e8s de J\u00e9rusalem","footnotes":""},"categories":[73,55],"tags":[],"class_list":["post-116848","post","type-post","status-publish","format-standard","hentry","category-actualite","category-tunisie"],"_links":{"self":[{"href":"https:\/\/linitiative.ca\/International\/wp-json\/wp\/v2\/posts\/116848","targetHints":{"allow":["GET"]}}],"collection":[{"href":"https:\/\/linitiative.ca\/International\/wp-json\/wp\/v2\/posts"}],"about":[{"href":"https:\/\/linitiative.ca\/International\/wp-json\/wp\/v2\/types\/post"}],"author":[{"embeddable":true,"href":"https:\/\/linitiative.ca\/International\/wp-json\/wp\/v2\/users\/1789"}],"replies":[{"embeddable":true,"href":"https:\/\/linitiative.ca\/International\/wp-json\/wp\/v2\/comments?post=116848"}],"version-history":[{"count":0,"href":"https:\/\/linitiative.ca\/International\/wp-json\/wp\/v2\/posts\/116848\/revisions"}],"wp:attachment":[{"href":"https:\/\/linitiative.ca\/International\/wp-json\/wp\/v2\/media?parent=116848"}],"wp:term":[{"taxonomy":"category","embeddable":true,"href":"https:\/\/linitiative.ca\/International\/wp-json\/wp\/v2\/categories?post=116848"},{"taxonomy":"post_tag","embeddable":true,"href":"https:\/\/linitiative.ca\/International\/wp-json\/wp\/v2\/tags?post=116848"}],"curies":[{"name":"wp","href":"https:\/\/api.w.org\/{rel}","templated":true}]}}