{"id":116849,"date":"2021-05-16T15:21:29","date_gmt":"2021-05-16T19:21:29","guid":{"rendered":"https:\/\/linitiative.ca\/International\/ministere-de-lenvironnement-la-bataille-des-dechets-italiens-a-ete-gagnee\/"},"modified":"2021-05-16T15:21:29","modified_gmt":"2021-05-16T19:21:29","slug":"ministere-de-lenvironnement-la-bataille-des-dechets-italiens-a-ete-gagnee","status":"publish","type":"post","link":"https:\/\/linitiative.ca\/International\/ministere-de-lenvironnement-la-bataille-des-dechets-italiens-a-ete-gagnee\/","title":{"rendered":"Minist\u00e8re de l\u2019Environnement\u00a0: La bataille des d\u00e9chets italiens a \u00e9t\u00e9 gagn\u00e9e"},"content":{"rendered":"<div class=\"post-cont-in left relative\">\n<div id=\"post-info-wrap\" class=\"left relative post-info-out\">\n<div class=\"post-info-img left relative\"><img decoding=\"async\" alt=\"\" src=\"https:\/\/secure.gravatar.com\/avatar\/b658f27b24160a89d557421a966e5ca1?s=50&amp;d=mm&amp;r=g\" srcset=\"https:\/\/secure.gravatar.com\/avatar\/b658f27b24160a89d557421a966e5ca1?s=100&amp;d=mm&amp;r=g 2x\" class=\"avatar avatar-50 photo\" height=\"50\" width=\"50\" loading=\"lazy\"\/><\/div>\n<div class=\"post-info-in\">\n<div class=\"post-info-right left relative post-info-name left relative\"><span><span class=\"post-info-text\">Par<\/span> <span class=\"author-name vcard fn author\"><a href=\"https:\/\/www.tunisienumerique.com\/author\/htb\/\" title=\"Articles par Mohamed Ben Abderrazek\" rel=\"author\">Mohamed Ben Abderrazek<\/a><\/span><\/span> <span class=\"post-date updated\"><time class=\"post-date updated\" datetime=\"2021-05-16\">\u00a0| Il y a 2 heures<\/time><\/span><br \/>\n<meta itemprop=\"dateModified\" content=\"2021-05-16\"\/><\/div>\n<div class=\"left relative\"><button id=\"listenButton1\" class=\"responsivevoice-button\" type=\"button\" value=\"Play\" title=\"\u00c9coutez l'article\"><span>\ud83d\udd0a \u00c9coutez l&rsquo;article<\/span><\/button>\n<\/div>\n<\/div>\n<\/div>\n<p>Apr\u00e8s une ann\u00e9e environ de l\u2019entr\u00e9e des premi\u00e8res cargaisons de d\u00e9chets italiens en Tunisie et plus de deux mois apr\u00e8s la fin des d\u00e9lais pr\u00e9vus par la convention de B\u00e2le pour leur r\u00e9exportation vers le pays d\u2019origine, H\u00e9di Chebili, directeur de l\u2019environnement et de la qualit\u00e9 de la vie et charg\u00e9 du dossier au minist\u00e8re des Affaires Locales et de l\u2019Environnement, a assur\u00e9 aujourd\u2019hui dimanche 16 mai 2021\u00a0 que la r\u00e9exp\u00e9dition des conteneurs italiens vers leur pays d\u2019origine n\u2019est qu\u2019une affaire de temps. Le responsable a fait savoir les proc\u00e9dures judiciaires sont complexes.<\/p>\n<div class=\"code-block code-block-1 c4\">\n <ins class=\"adsbygoogle c3\" data-ad-layout=\"in-article\" data-ad-format=\"fluid\" data-ad-client=\"ca-pub-2102118777505746\" data-ad-slot=\"7301775417\"\/>\n<\/div>\n<p>H\u00e9di Chebili a affirm\u00e9 que les pouvoirs publics ont privil\u00e9gi\u00e9, d\u00e8s le d\u00e9but de l\u2019affaire, le recours \u00e0 la voie diplomatique, d\u2019autant plus qu\u2019il\u00a0 y a eu <strong>un \u00e9cho positif de la part des autorit\u00e9s italiennes<\/strong>, gr\u00e2ce au dossier technique \u00e9labor\u00e9, lequel a mis en \u00e9vidence toutes les probl\u00e9matiques qui sont \u00e0 l\u2019origine de cette affaire.<\/p>\n<p>Le directeur au minist\u00e8re des Affaires Locales et de l\u2019Environnement a, ainsi, indiqu\u00e9 qu\u2019il n y a pas eu de recours \u00e0 un cabinet d\u2019avocats et ce, jusqu\u2019\u00e0 pr\u00e9sent. C\u2019est l\u2019ambassade de Tunisie \u00e0 Rome qui s\u2019est charg\u00e9e des contacts avec les autorit\u00e9s italiennes et du suivi du processus judiciaire, a soulign\u00e9 le responsable.<\/p>\n<p>Il a justifi\u00e9 le non recours aux avocats par le fait qu\u2019une telle d\u00e9marche aurait pris du temps et n\u00e9cessiterait beaucoup d\u2019argent, alors que gr\u00e2ce \u00e0 la d\u00e9marche diplomatique amorc\u00e9e depuis le 9 d\u00e9cembre 2020, la soci\u00e9t\u00e9 a \u00e9t\u00e9 appel\u00e9e par les autorit\u00e9s italiennes \u00e0 r\u00e9cup\u00e9rer ses d\u00e9chets et ce, parall\u00e8lement, aux enqu\u00eates p\u00e9nales en cours en Tunisie et en Italie.<\/p>\n<p>Concernant\u00a0 les des d\u00e9tails sur l\u2019enqu\u00eate judiciaire ouverte en Tunisie et les personnes, arr\u00eat\u00e9es, H\u00e9di Chebili a d\u00e9clin\u00e9 tout \u00e9claircissement, \u00e0 ce sujet, en raison, selon lui, de la confidentialit\u00e9 de ces d\u00e9tails qui sont du ressort des tribunaux.<\/p>\n<p>Il a ajout\u00e9 que lui-m\u00eame a \u00e9t\u00e9 entendu dans le cadre de cette affaire et qu\u2019il peut dire, qu\u2019entre 25 et 30 personnes sont concern\u00e9es par l\u2019enqu\u00eate. Au niveau administratif et technique qui est le seul de son ressort, un bon pas a \u00e9t\u00e9 franchi, et la bataille a \u00e9t\u00e9 gagn\u00e9e, d\u2019apr\u00e8s lui.<\/p>\n<div class=\"swp_social_panel swp_horizontal_panel swp_flat_fresh swp_default_full_color swp_individual_full_color swp_other_full_color scale-100 scale-\" data-min-width=\"1100\" data-float-color=\"#ffffff\" data-float=\"bottom\" data-float-mobile=\"bottom\" data-transition=\"slide\">\n<div class=\"nc_tweetContainer swp_share_button total_shares total_sharesalt\"><span class=\"swp_count\">10 <span class=\"swp_label\">Partages<\/span><\/span><\/div>\n<\/div>\n<p><strong>Que se passe-t-il en Tunisie?<\/strong><br \/>Nous expliquons sur notre <a href=\"https:\/\/www.youtube.com\/channel\/UCRzypVq0B_yBad5eGrwBx0Q?sub_confirmation=1\" target=\"_blank\" rel=\"noopener\">cha\u00eene YouTube<\/a> . <a href=\"https:\/\/www.youtube.com\/channel\/UCRzypVq0B_yBad5eGrwBx0Q?sub_confirmation=1\" target=\"_blank\" rel=\"noopener\">Abonnez-vous!<\/a><\/p>\n<div class=\"mvp-org-wrap\" itemprop=\"publisher\">\n<div class=\"mvp-org-logo\" itemprop=\"logo\"><img decoding=\"async\" src=\"https:\/\/www.tunisienumerique.com\/wp-content\/uploads\/2017\/02\/logo_tunisie_numerique.png\"\/><br \/>\n<meta itemprop=\"url\" content=\"https:\/\/www.tunisienumerique.com\/wp-content\/uploads\/2017\/02\/logo_tunisie_numerique.png\"\/><\/div>\n<p><meta content=\"Tunisie\"\/><\/div>\n<div class=\"mvp-related-posts left relative\">\n<h4 class=\"post-header\"><span class=\"post-header\">Lire aussi<\/span><\/h4>\n<\/div>\n<div id=\"article-ad\">\n <ins class=\"adsbygoogle c5\" data-ad-client=\"ca-pub-2102118777505746\" data-ad-slot=\"6513972734\" data-ad-format=\"auto\" data-full-width-responsive=\"true\"\/>\n<\/div>\n<\/div>\n<div id=\"post-sidebar-wrap\">\n <ins class=\"adsbygoogle c5\" data-ad-client=\"ca-pub-2102118777505746\" data-ad-slot=\"6168283410\" data-ad-format=\"auto\" data-full-width-responsive=\"true\"\/>\n<\/div>\n<p>Auteur: Mohamed Ben Abderrazek<br \/>\n<a href=\"https:\/\/www.tunisienumerique.com\/ministere-de-lenvironnement-la-bataille-des-dechets-italiens-a-ete-gagnee\/\">Cliquez ici pour lire l&rsquo;article depuis sa source.<\/a><\/p>\n","protected":false},"excerpt":{"rendered":"<p>Par Mohamed Ben Abderrazek \u00a0| Il y a 2 heures \ud83d\udd0a \u00c9coutez l&rsquo;article Apr\u00e8s une ann\u00e9e environ de l\u2019entr\u00e9e des premi\u00e8res cargaisons de d\u00e9chets italiens en Tunisie et plus de deux mois apr\u00e8s la fin des d\u00e9lais pr\u00e9vus par la convention de B\u00e2le pour leur r\u00e9exportation vers le pays d\u2019origine, H\u00e9di Chebili, directeur de l\u2019environnement [&hellip;]<\/p>\n","protected":false},"author":1789,"featured_media":0,"comment_status":"closed","ping_status":"closed","sticky":false,"template":"","format":"standard","meta":{"fifu_image_url":"https:\/\/secure.gravatar.com\/avatar\/b658f27b24160a89d557421a966e5ca1?s=50&d=mm&r=g","fifu_image_alt":"Minist\u00e8re de l\u2019Environnement\u00a0: La bataille des d\u00e9chets italiens a \u00e9t\u00e9 gagn\u00e9e","footnotes":""},"categories":[73,55],"tags":[],"class_list":["post-116849","post","type-post","status-publish","format-standard","hentry","category-actualite","category-tunisie"],"_links":{"self":[{"href":"https:\/\/linitiative.ca\/International\/wp-json\/wp\/v2\/posts\/116849","targetHints":{"allow":["GET"]}}],"collection":[{"href":"https:\/\/linitiative.ca\/International\/wp-json\/wp\/v2\/posts"}],"about":[{"href":"https:\/\/linitiative.ca\/International\/wp-json\/wp\/v2\/types\/post"}],"author":[{"embeddable":true,"href":"https:\/\/linitiative.ca\/International\/wp-json\/wp\/v2\/users\/1789"}],"replies":[{"embeddable":true,"href":"https:\/\/linitiative.ca\/International\/wp-json\/wp\/v2\/comments?post=116849"}],"version-history":[{"count":0,"href":"https:\/\/linitiative.ca\/International\/wp-json\/wp\/v2\/posts\/116849\/revisions"}],"wp:attachment":[{"href":"https:\/\/linitiative.ca\/International\/wp-json\/wp\/v2\/media?parent=116849"}],"wp:term":[{"taxonomy":"category","embeddable":true,"href":"https:\/\/linitiative.ca\/International\/wp-json\/wp\/v2\/categories?post=116849"},{"taxonomy":"post_tag","embeddable":true,"href":"https:\/\/linitiative.ca\/International\/wp-json\/wp\/v2\/tags?post=116849"}],"curies":[{"name":"wp","href":"https:\/\/api.w.org\/{rel}","templated":true}]}}