{"id":116853,"date":"2021-05-16T15:27:56","date_gmt":"2021-05-16T19:27:56","guid":{"rendered":"https:\/\/linitiative.ca\/International\/decision-de-lua-daccompagner-la-transition-au-tchad\/"},"modified":"2021-05-16T15:27:56","modified_gmt":"2021-05-16T19:27:56","slug":"decision-de-lua-daccompagner-la-transition-au-tchad","status":"publish","type":"post","link":"https:\/\/linitiative.ca\/International\/decision-de-lua-daccompagner-la-transition-au-tchad\/","title":{"rendered":"DECISION DE L\u2019UA D\u2019ACCOMPAGNER LA TRANSITION AU TCHAD  \u00a0"},"content":{"rendered":"<p class=\"c4\"><em>Le 22 avril dernier,\u00a0 le Conseil paix et s\u00e9curit\u00e9 (CPS) de l\u2019UA (Union africaine)\u00a0 se fendait d\u2019un communiqu\u00e9, \u00e0 propos de la situation tchadienne, dans lequel il soulignait la n\u00e9cessit\u00e9 urgente de restaurer l\u2019ordre constitutionnel. Ce qui impliquait que la junte militaire qui s\u2019est empar\u00e9e du pouvoir apr\u00e8s le d\u00e9c\u00e8s brutal du Mar\u00e9chal du Tchad, Idriss D\u00e9by Itno, devait au plus vite d\u00e9barrasser le plancher, pour permettre au pays d\u2019organiser la d\u00e9volution du pouvoir conform\u00e9ment \u00e0 la Constitution. Mais pr\u00e8s de trois semaines apr\u00e8s cette sortie,\u00a0 le m\u00eame CPS,\u00a0 \u00e0 la faveur d\u2019un r\u00e9trop\u00e9dalage dont il est le seul \u00e0 avoir le secret, d\u00e9cide d\u2019accompagner le processus de Transition \u00e0 Ndjamena. L\u2019argument principal avanc\u00e9 pour caresser, peut-on dire, la junte des g\u00e9n\u00e9raux,\u00a0 dans le sens du poil, est que le Tchad a une position centrale dans le dispositif de lutte contre le terrorisme au Sahel. La position donc de l\u2019UA vis-\u00e0-vis des coups de force en Afrique, n\u2019est pas fonction des textes qu\u2019elle a mis en place pour favoriser la promotion de la d\u00e9mocratie, mais elle est fonction de la t\u00eate du client.<\/em><\/p>\n<p class=\"c4\"><em>\u00a0<\/em><\/p>\n<p class=\"c6\"><strong><em>L\u2019UA vient d\u2019immoler la d\u00e9mocratie au Tchad, sur l\u2019autel commode de la lutte contre le terrorisme<\/em><\/strong><\/p>\n<p class=\"c6\"><strong><em>\u00a0<\/em><\/strong><\/p>\n<p class=\"c4\"><em>La junte militaire qui avait renvers\u00e9 Ibrahim Boubakar Ke\u00efta (IBK) en ao\u00fbt 2020 et qui avait subi l\u2019ire\u00a0 de l\u2019UA au point qu\u2019elle a sanctionn\u00e9 le Mali, sait d\u00e9sormais pourquoi elle n\u2019a pas \u00e9t\u00e9 accompagn\u00e9e par l\u2019UA dans sa prise du pouvoir par la force. Elle n\u2019a pas la comp\u00e9tence guerri\u00e8re requise pour casser du terroriste au Mali. Cette comp\u00e9tence-l\u00e0, D\u00e9by fils et les autres g\u00e9n\u00e9raux de la junte l\u2019ont. De ce point de vue,\u00a0 ils ont droit \u00e0 un traitement de faveur. Avis donc aux potentiels faiseurs de coups d\u2019Etat en Afrique. Avant de passer \u00e0 l\u2019acte, ils doivent apporter la garantie \u00e0 l\u2019UA qu\u2019ils ont le profil pour briser v\u00e9ritablement les reins aux terroristes. La d\u00e9cision de l\u2019UA d\u2019accompagner les putschistes tchadiens peut \u00eatre ainsi d\u00e9crypt\u00e9e. Et en cela, elle constitue un pr\u00e9c\u00e9dent gravissime pour la d\u00e9mocratie. C\u2019est pourquoi l\u2019on peut comprendre la col\u00e8re des Tchadiens \u00e9pris de d\u00e9mocratie, contre la d\u00e9cision de l\u2019UA. D\u00e9cid\u00e9ment, cette structure ne cessera jamais d\u2019\u00eatre ce \u00ab\u00a0machin\u00a0\u00bb aux mains des pr\u00e9sidents pour prot\u00e9ger leurs int\u00e9r\u00eats. Les 15 pays membres du CPS, m\u00eame si certains d\u2019entre eux, initialement, s\u2019\u00e9taient prononc\u00e9s contre l\u2019accompagnement, ont fini par trouver le consensus qu\u2019il fallait pour ne pas aller dans le sens de la sanction. Par-l\u00e0, l\u2019UA vient d\u2019immoler la d\u00e9mocratie au Tchad, sur l\u2019autel commode de la lutte contre l\u2019ins\u00e9curit\u00e9 en g\u00e9n\u00e9ral et plus pr\u00e9cis\u00e9ment la lutte \u00a0contre le terrorisme en particulier. Apr\u00e8s tout, cette d\u00e9cision \u00e9tait attendue. Car, le grand chef des Blancs, Emmanuel Macron, pour ne pas le nommer, n\u2019avait \u00e9t\u00e9 nullement g\u00ean\u00e9 de poser aux c\u00f4t\u00e9s du nouvel homme fort de Ndjamena \u00e0 l\u2019occasion des obs\u00e8ques de D\u00e9by p\u00e8re. Et cela n\u2019est pas politiquement anodin. Le Tchad peut donc tout se permettre sans \u00eatre mis \u00e0 l\u2019index. Car, \u00a0son arm\u00e9e, contrairement aux autres arm\u00e9es africaines, est constitu\u00e9e de g\u00e9n\u00e9raux\u00a0 capables de se porter \u00e0 la t\u00eate des troupes dans le cadre de la lutte contre le terrorisme.<\/em><\/p>\n<p class=\"c4\"><em>\u00a0<\/em><\/p>\n<p class=\"c4\"><em>\u00a0<\/em><\/p>\n<p class=\"c6\"><strong><em>Bien des malheurs du continent noir, trouvent leur origine dans le refus pathologique de questionner demain<\/em><\/strong><\/p>\n<p class=\"c6\"><strong><em>\u00a0<\/em><\/strong><\/p>\n<p class=\"c4\"><em>\u00a0<\/em><\/p>\n<p class=\"c4\"><em>\u00a0<\/em><\/p>\n<p class=\"c4\"><em>Du coup, c\u2019est une invite tacite aux autres forces du G5 Sahel, \u00e0 plier bagage puisqu\u2019en dehors des Tchadiens, il n\u2019y a personne pour sauver le Sahel. En tout cas, au-del\u00e0 du G5 Sahel,\u00a0 c\u2019est l\u2019UA, elle m\u00eame, qui doit s\u2019interroger sur son utilit\u00e9 v\u00e9ritable face aux grands d\u00e9fis qui se posent aujourd\u2019hui au continent.\u00a0 On peut, en effet, faire le constat que l\u2019UA, face \u00e0 la mont\u00e9e du terrorisme au Sahel, ne sait plus o\u00f9 donner de la t\u00eate, au\u00a0 point qu\u2019elle a confi\u00e9 le sort de cette partie de l\u2019Afrique, aux bons soins exclusifs de l\u2019omnipotente arm\u00e9e tchadienne. Et au moment o\u00f9\u00a0 nous tracions ces lignes, la d\u00e9cision de l\u2019UA n\u2019\u00e9tait pas assortie de conditions \u00e0 respecter par D\u00e9by fils et les autres membres de la junte. De ce fait, l\u2019on peut se poser la question suivante: l\u2019UA, en d\u00e9cidant d\u2019accompagner les putschistes tchadiens, s\u2019est-elle pr\u00e9occup\u00e9e de savoir de quoi sera fait demain\u00a0? Et si Deby fils refusait de rendre le \u00a0pouvoir \u00e0 la fin de la transition,\u00a0 que ferait l\u2019UA\u00a0? Et si le nouvel homme fort, fort du soutien international de l\u2019UA dont il vient de b\u00e9n\u00e9ficier, venait \u00e0 transformer le Tchad en une satrapie achev\u00e9e o\u00f9 les opposants sont embastill\u00e9s au quotidien ou tu\u00e9s comme des mouches \u00e0 la moindre contestation, l\u2019UA aura-t-elle la possibilit\u00e9 de l\u2019arr\u00eater\u00a0?\u00a0 Autant de questions que l\u2019on peut se poser apr\u00e8s la grave d\u00e9cision de l\u2019UA.\u00a0 D\u00e9j\u00e0, le nouvel homme fort de Ndjamena n\u2019a pas h\u00e9sit\u00e9 \u00e0 r\u00e9primer dans le sang les premi\u00e8res manifs contre son pouvoir. Une autre manifestation est pr\u00e9vue pour mercredi prochain contre la junte. Que va-t-il se passer ce jour-l\u00e0\u00a0? La junte va-t-elle aller dans le sens de l\u2019apaisement en laissant faire ou va-t-elle continuer \u00e0 arrimer le Tchad \u00e0 une logique fasciste\u00a0? Tr\u00eave de questions. Car, de toute fa\u00e7on, en Afrique, on se pr\u00e9occupe peu de quoi sera fait demain,\u00a0 \u00e0 commencer par ceux qui nous gouvernent. Et bien des malheurs du continent noir, trouvent leur origine dans ce refus pathologique de questionner demain. C\u2019est cette posture notamment qui explique le manque de perspectives pour la jeunesse en particulier. Que c\u2019est bien triste, l\u2019attitude de certains pr\u00e9sidents qui sont convaincus que seul compte aujourd\u2019hui et que Dieu seul sait de quoi sera fait demain.\u00a0 Cette id\u00e9ologie perdra, \u00e0 coup s\u00fbr, l\u2019Afrique.<\/em><\/p>\n<p class=\"c4\"><em>\u00a0<\/em><\/p>\n<p class=\"c6\"><strong><em>\u00ab\u00a0Le Pays \u00bb<\/em><\/strong><\/p>\n<p class=\"c4\"><em>\u00a0<\/em><\/p>\n<p>Auteur: Editions LEPAYS<br \/>\n<a href=\"https:\/\/lepays.bf\/decision-de-lua-daccompagner-la-transition-au-tchad\/\">Cliquez ici pour lire l&rsquo;article depuis sa source.<\/a><\/p>\n","protected":false},"excerpt":{"rendered":"<p>Le 22 avril dernier,\u00a0 le Conseil paix et s\u00e9curit\u00e9 (CPS) de l\u2019UA (Union africaine)\u00a0 se fendait d\u2019un communiqu\u00e9, \u00e0 propos de la situation tchadienne, dans lequel il soulignait la n\u00e9cessit\u00e9 urgente de restaurer l\u2019ordre constitutionnel. Ce qui impliquait que la junte militaire qui s\u2019est empar\u00e9e du pouvoir apr\u00e8s le d\u00e9c\u00e8s brutal du Mar\u00e9chal du Tchad, [&hellip;]<\/p>\n","protected":false},"author":1813,"featured_media":0,"comment_status":"closed","ping_status":"closed","sticky":false,"template":"","format":"standard","meta":{"fifu_image_url":"","fifu_image_alt":"","footnotes":""},"categories":[73,81],"tags":[],"class_list":["post-116853","post","type-post","status-publish","format-standard","hentry","category-actualite","category-burkina-faso"],"_links":{"self":[{"href":"https:\/\/linitiative.ca\/International\/wp-json\/wp\/v2\/posts\/116853","targetHints":{"allow":["GET"]}}],"collection":[{"href":"https:\/\/linitiative.ca\/International\/wp-json\/wp\/v2\/posts"}],"about":[{"href":"https:\/\/linitiative.ca\/International\/wp-json\/wp\/v2\/types\/post"}],"author":[{"embeddable":true,"href":"https:\/\/linitiative.ca\/International\/wp-json\/wp\/v2\/users\/1813"}],"replies":[{"embeddable":true,"href":"https:\/\/linitiative.ca\/International\/wp-json\/wp\/v2\/comments?post=116853"}],"version-history":[{"count":0,"href":"https:\/\/linitiative.ca\/International\/wp-json\/wp\/v2\/posts\/116853\/revisions"}],"wp:attachment":[{"href":"https:\/\/linitiative.ca\/International\/wp-json\/wp\/v2\/media?parent=116853"}],"wp:term":[{"taxonomy":"category","embeddable":true,"href":"https:\/\/linitiative.ca\/International\/wp-json\/wp\/v2\/categories?post=116853"},{"taxonomy":"post_tag","embeddable":true,"href":"https:\/\/linitiative.ca\/International\/wp-json\/wp\/v2\/tags?post=116853"}],"curies":[{"name":"wp","href":"https:\/\/api.w.org\/{rel}","templated":true}]}}