{"id":116854,"date":"2021-05-16T15:31:21","date_gmt":"2021-05-16T19:31:21","guid":{"rendered":"https:\/\/linitiative.ca\/International\/entree-dans-le-gouvernement-de-denis-christel-sassou\/"},"modified":"2021-05-16T15:31:21","modified_gmt":"2021-05-16T19:31:21","slug":"entree-dans-le-gouvernement-de-denis-christel-sassou","status":"publish","type":"post","link":"https:\/\/linitiative.ca\/International\/entree-dans-le-gouvernement-de-denis-christel-sassou\/","title":{"rendered":"ENTREE DANS LE GOUVERNEMENT DE DENIS CHRISTEL SASSOU  \u00a0"},"content":{"rendered":"<p class=\"c4\"><em>Accus\u00e9 de pr\u00e9parer son fils pour lui succ\u00e9der au pouvoir, le pr\u00e9sident congolais, Denis Sassou Nguesso, s\u2019en est toujours d\u00e9fendu. Mais \u00e0 mesure que passe le temps, il est en train de tomber le masque. En effet, \u00e0 la faveur de la formation du nouveau gouvernement du 4<sup>e<\/sup>\u00a0 mandat de son p\u00e8re, Denis Christel Sassou Nguesso, puisque c\u2019est de lui qu\u2019il s\u2019agit,\u00a0 y a fait une entr\u00e9e remarquable. C\u2019est \u00e0 lui qu\u2019est confi\u00e9 le portefeuille fraichement cr\u00e9\u00e9, de la Coop\u00e9ration internationale et de la promotion du partenariat public-priv\u00e9. Certes, on note aussi l\u2019entr\u00e9e d\u2019une figure de proue de l\u2019opposition, en la personne de Honor\u00e9 Sayi de l\u2019Union panafricaine pour la d\u00e9mocratie sociale (UPADS), dans ce gouvernement. Mais ce qui retient le plus l\u2019attention des uns et des autres, c\u2019est la promotion de Denis Christel Sassou dont le profil est pour le moins controvers\u00e9. Car, l\u2019homme, faut-il le rappeler, est dans le viseur de la Justice fran\u00e7aise pour des faits pr\u00e9sum\u00e9s de \u00ab\u00a0 biens mal acquis\u00a0\u00bb. Il est poursuivi par la Justice am\u00e9ricaine pour les m\u00eames faits. En le bombardant donc ministre \u00e0 un poste strat\u00e9gique,\u00a0 Sassou p\u00e8re esp\u00e8re ainsi tirer son fils d\u2019affaire puisqu\u2019il b\u00e9n\u00e9ficiera d\u00e9sormais d\u2019une certaine immunit\u00e9. Cela suffira-t-il \u00e0 mettre fin \u00e0 ses ennuis judiciaires\u00a0? Pas si s\u00fbr.<\/em><\/p>\n<p class=\"c4\"><em>\u00a0<\/em><\/p>\n<p class=\"c4\"><em>\u00a0<\/em><\/p>\n<p class=\"c6\"><strong><em>Le pouvoir politique est loin d\u2019\u00eatre une affaire de famille<\/em><\/strong><\/p>\n<p class=\"c4\"><em>Car, t\u00f4t ou tard, il pourrait \u00eatre rattrap\u00e9 par son pass\u00e9. Du reste, tout se passe, en effet, comme si ce qui est arriv\u00e9 aux rejetons de certains dirigeants du continent noir, n\u2019a pas servi de le\u00e7on aux uns et aux autres. Tant et si\u00a0 bien qu\u2019au lieu de tenir \u00e9loign\u00e9e leur prog\u00e9niture du premier cercle du pouvoir, bien des dirigeants pr\u00e9f\u00e8rent la mettre en lumi\u00e8re avec tous les risques qui vont avec. On l\u2019a vu au S\u00e9n\u00e9gal o\u00f9 \u00a0Karim Wade, alors ministre du \u00ab\u00a0Ciel et de la Terre\u00a0\u00bb, a eu maille \u00e0 partir avec la Justice apr\u00e8s la chute de son p\u00e8re Abdoulaye Wade. On l\u2019a vu aussi en Angola o\u00f9 la fille a\u00een\u00e9e de l\u2019ex-pr\u00e9sident Eduardo Dos Santos, est aujourd\u2019hui traqu\u00e9e de toutes parts au point qu\u2019elle a d\u00fb fuir son pays pour se refugier en Angleterre. On l\u2019a vu aussi r\u00e9cemment au Mali o\u00f9 Karim Ke\u00efta, le fils de l\u2019ex-pr\u00e9sident Ibrahim Boubakar Ke\u00efta (IBK), cristallisait la haine de tout un peuple du fait de ses excentricit\u00e9s. On peut multiplier les exemples\u00a0; tant ils sont l\u00e9gion sur le continent o\u00f9 l\u2019acc\u00e8s au pouvoir donne libre cours \u00e0 toutes sortes de d\u00e9rives. C\u2019est pourquoi il sied de rendre un hommage appuy\u00e9 \u00e0 ces dirigeants africains qui ont su r\u00e9sister \u00e0 la tentation de la promotion de leur prog\u00e9niture ou fratrie. Car, eux au moins, ont compris que le pouvoir politique est loin d\u2019\u00eatre une affaire de famille.<\/em><\/p>\n<p class=\"c4\"><em>\u00a0<\/em><\/p>\n<p class=\"c4\"><em>\u00a0<\/em><\/p>\n<p class=\"c6\"><em><strong>B.O<\/strong><\/em><\/p>\n<p class=\"c4\"><em>\u00a0<\/em><\/p>\n<p>Auteur: Editions LEPAYS<br \/>\n<a href=\"https:\/\/lepays.bf\/entree-dans-le-gouvernement-de-denis-christel-sassou\/\">Cliquez ici pour lire l&rsquo;article depuis sa source.<\/a><\/p>\n","protected":false},"excerpt":{"rendered":"<p>Accus\u00e9 de pr\u00e9parer son fils pour lui succ\u00e9der au pouvoir, le pr\u00e9sident congolais, Denis Sassou Nguesso, s\u2019en est toujours d\u00e9fendu. Mais \u00e0 mesure que passe le temps, il est en train de tomber le masque. En effet, \u00e0 la faveur de la formation du nouveau gouvernement du 4e\u00a0 mandat de son p\u00e8re, Denis Christel Sassou [&hellip;]<\/p>\n","protected":false},"author":1813,"featured_media":0,"comment_status":"closed","ping_status":"closed","sticky":false,"template":"","format":"standard","meta":{"fifu_image_url":"","fifu_image_alt":"","footnotes":""},"categories":[73,81],"tags":[],"class_list":["post-116854","post","type-post","status-publish","format-standard","hentry","category-actualite","category-burkina-faso"],"_links":{"self":[{"href":"https:\/\/linitiative.ca\/International\/wp-json\/wp\/v2\/posts\/116854","targetHints":{"allow":["GET"]}}],"collection":[{"href":"https:\/\/linitiative.ca\/International\/wp-json\/wp\/v2\/posts"}],"about":[{"href":"https:\/\/linitiative.ca\/International\/wp-json\/wp\/v2\/types\/post"}],"author":[{"embeddable":true,"href":"https:\/\/linitiative.ca\/International\/wp-json\/wp\/v2\/users\/1813"}],"replies":[{"embeddable":true,"href":"https:\/\/linitiative.ca\/International\/wp-json\/wp\/v2\/comments?post=116854"}],"version-history":[{"count":0,"href":"https:\/\/linitiative.ca\/International\/wp-json\/wp\/v2\/posts\/116854\/revisions"}],"wp:attachment":[{"href":"https:\/\/linitiative.ca\/International\/wp-json\/wp\/v2\/media?parent=116854"}],"wp:term":[{"taxonomy":"category","embeddable":true,"href":"https:\/\/linitiative.ca\/International\/wp-json\/wp\/v2\/categories?post=116854"},{"taxonomy":"post_tag","embeddable":true,"href":"https:\/\/linitiative.ca\/International\/wp-json\/wp\/v2\/tags?post=116854"}],"curies":[{"name":"wp","href":"https:\/\/api.w.org\/{rel}","templated":true}]}}