{"id":116855,"date":"2021-05-16T15:34:16","date_gmt":"2021-05-16T19:34:16","guid":{"rendered":"https:\/\/linitiative.ca\/International\/demission-du-gouvernement-malien\/"},"modified":"2021-05-16T15:34:16","modified_gmt":"2021-05-16T19:34:16","slug":"demission-du-gouvernement-malien","status":"publish","type":"post","link":"https:\/\/linitiative.ca\/International\/demission-du-gouvernement-malien\/","title":{"rendered":"DEMISSION DU GOUVERNEMENT MALIEN  \u00a0"},"content":{"rendered":"<p class=\"c4\"><em>Il n\u2019y a pas eu de suspense, encore moins de casse-t\u00eate de casting pour le pr\u00e9sident malien Bah Ndaw suite \u00e0 la d\u00e9mission de son Premier ministre, Moctar Ouane, le 14 mai dernier. Il l\u2019a imm\u00e9diatement reconduit dans ses fonctions le m\u00eame jour, et instruit de former un gouvernement de large ouverture conform\u00e9ment aux recommandations de la classe politique, des forces vives et des leaders religieux, adress\u00e9es au pr\u00e9sident de la R\u00e9publique quelques jours plus t\u00f4t. Exit donc le gouvernement Ouane 1, cong\u00e9di\u00e9 pour son inefficacit\u00e9 et son incapacit\u00e9 \u00e0 apporter des solutions adapt\u00e9es \u00e0 ce pays fragilis\u00e9 par une \u00e9conomie en crise, un laxisme sid\u00e9rant face au ch\u00f4mage et \u00e0 la corruption devenus end\u00e9miques, \u00a0et par des attaques terroristes qui ont mis le Nord en feu et le centre en cendres. C\u2019est ce tableau pour le moins sombre que la coalition du M5\u2013RFP compos\u00e9e de plusieurs groupements politiques et apolitiques, a bross\u00e9 lors de sa rencontre avec le pr\u00e9sident de la R\u00e9publique, le 6 mai dernier, avant de demander la d\u00e9mission du gouvernement et celle de son chef. C\u2019est d\u00e9sormais chose faite comme chacun le sait, et on attend, dans les prochains jours ou les prochaines heures, la composition de la nouvelle \u00e9quipe qui conduira, sauf cataclysme, le Mali au r\u00e9f\u00e9rendum constitutionnel le 31 octobre prochain et au double scrutin pr\u00e9sidentiel et parlementaire\u00a0 quatre mois plus tard, soit le 27 f\u00e9vrier 2022. D\u2019aucuns diront que ce chronogramme d\u2019activit\u00e9s politiques est trop bien s\u00e9quenc\u00e9 pour \u00eatre r\u00e9alisable dans un pays chroniquement instable comme le Mali, et beaucoup d\u2019analystes et d\u2019observateurs doutent de la bonne foi des acteurs de la Transition et s\u2019interrogent sur les intentions r\u00e9elles des uns et des autres.<\/em><\/p>\n<p class=\"c4\"><em>\u00a0<\/em><\/p>\n<p class=\"c4\"><em>\u00a0<\/em><\/p>\n<p class=\"c6\"><strong><em>Choguel Ma\u00efga et ses camarades veulent se pr\u00e9senter \u00e0 leurs compatriotes comme une alternative cr\u00e9dible<\/em><\/strong><\/p>\n<p class=\"c6\"><strong><em>\u00a0<\/em><\/strong><\/p>\n<p class=\"c4\"><em>En attendant d\u2019en savoir davantage sur le dessous des cartes, on peut raisonnablement se demander si les acteurs civils comme militaires de la Transition, ne cherchent pas, \u00e0 travers cette d\u00e9mission du gouvernement, \u00e0 privil\u00e9gier des int\u00e9r\u00eats personnels au d\u00e9triment de ceux du pays, en envisageant secr\u00e8tement le report des \u00e9ch\u00e9ances \u00e9lectorales et du coup, la prolongation de la p\u00e9riode de Transition. Le pr\u00e9sident actuel qui n\u2019a aucune chance de rester aux affaires apr\u00e8s le 27 f\u00e9vrier 2022 qui marquera la fin de la parenth\u00e8se politique actuelle, pourrait \u00eatre tr\u00e8s\u2026flexible, surtout s\u2019il s\u2019agit de proroger son s\u00e9jour au mythique palais de Koulouba. Idem pour le groupe de colonels putschistes qui sont les vrais patrons de la Transition, qui pourraient voir dans cette d\u00e9mission du gouvernement, une fen\u00eatre d\u2019opportunit\u00e9 pour lib\u00e9rer les tr\u00e8s controvers\u00e9s \u00ab\u00a0tabourets\u00a0\u00bb qu\u2019ils y occupaient, afin de se pr\u00e9parer cons\u00e9quemment \u00e0 une vie civile et politique probablement plus douillette, \u00e0 travers des postes o\u00f9 ils seront plus \u00e0 l\u2019aise sans pour autant \u00eatre sous le feu des projecteurs, \u00e9tant entendu que la Charte de la transition leur interdit de briguer des postes \u00e9lectifs lors des prochaines \u00e9ch\u00e9ances.\u00a0 Quant aux partis politiques et associations de la soci\u00e9t\u00e9 civile qui ont pass\u00e9 le temps \u00e0 ruer dans les brancards et \u00e0 brocarder les autorit\u00e9s de la Transition, ils pourraient y trouver leurs comptes, quand on sait d\u2019ores et d\u00e9j\u00e0 que c\u2019est une coalition large et h\u00e9t\u00e9roclite qui sera mise en place pour gouverner le pays. Des tractations sont certainement d\u00e9j\u00e0 entam\u00e9es en coulisses pour rallier tous ceux qui pourraient servir de soupape de s\u00e9curit\u00e9 pour ce r\u00e9gime de plus en plus impopulaire, notamment les membres du M5 \u2013 RFP qui ont d\u00e9j\u00e0 \u00e9tonnamment annonc\u00e9 leur non-participation au futur gouvernement. C\u2019est vrai que la politique aussi a ses raisons que la raison ignore, mais on se demande si la position de Choguel Kokalla Ma\u00efga et de ses principaux lieutenants du M5-RFP, sera tenable \u00e0 terme, surtout quand on sait que dans ce genre de melting-pot, on est couch\u00e9 sur la m\u00eame natte, mais on ne fait jamais les m\u00eames r\u00eaves. Il n\u2019est pas exclu, en effet, que les int\u00e9r\u00eats \u00e9go\u00efstes \u00a0des uns et les calculs politiciens des autres aient raison du mur d\u00e9j\u00e0 tr\u00e8s l\u00e9zard\u00e9 de cette coalition qui fut le fer de lance de la lutte qui a abouti \u00e0 la d\u00e9mission forc\u00e9e de l\u2019ancien pr\u00e9sident Ibrahim Boubacar K\u00e9ita (IBK). Le refus de prendre part au futur gouvernement est a priori paradoxal quand on sait que le M5 a exig\u00e9 et obtenu le d\u00e9part du pr\u00e9c\u00e9dent, mais la position n\u2019est pas d\u00e9nu\u00e9e de sens politique puisque Choguel Ma\u00efga et ses camarades veulent se pr\u00e9senter \u00e0 leurs compatriotes comme une alternative cr\u00e9dible pour affronter les grands d\u00e9fis du Mali. Mais dans la situation actuelle, et au regard de leurs contradictions internes, il leur sera difficile, \u00e0 huit mois des \u00e9lections, de convaincre l\u2019\u00e9lectorat qu\u2019ils ont v\u00e9ritablement les profils et les comp\u00e9tences n\u00e9cessaires pour diriger ce navire en perdition qu\u2019est le Mali.\u00a0 C\u2019est probablement conscients de tout cela qu\u2019ils font feu de tout bois pour faire tomber les principales institutions de la Transition qui \u00e9chappent toutes actuellement \u00e0 leur contr\u00f4le, et faire repousser ipso facto les \u00e9ch\u00e9ances \u00e9lectorales jusqu\u2019\u00e0 ce qu\u2019ils mettent de l\u2019ordre dans leurs propres \u00a0rangs et peaufinent des strat\u00e9gies qui pourraient s\u00e9duire leurs compatriotes. L\u2019hypoth\u00e8se la plus vraisemblable est que les principales figures politiques du M5 vont bouder le futur gouvernement et tirer \u00e0 boulets rouges sur ses actions afin de fragiliser et de d\u00e9cr\u00e9dibiliser tous ses membres et ses soutiens quand ils iront \u00e0 la conqu\u00eate des voix, aux scrutins l\u00e9gislatif et pr\u00e9sidentiel \u00e0 venir. Dans cette entreprise de diabolisation et de destruction politique, ils pourraient avoir comme alli\u00e9e de circonstance l\u2019Union nationale des travailleurs du Mali qui a d\u00e9j\u00e0 annonc\u00e9 la couleur avec cette gr\u00e8ve de quatre jours reconductible, pour compter de ce lundi.<\/em><\/p>\n<p class=\"c4\"><em>\u00a0<\/em><\/p>\n<p class=\"c4\"><em>\u00a0<\/em><\/p>\n<p class=\"c6\"><strong><em>Hamadou GADIAGA<\/em><\/strong><\/p>\n<p>Auteur: Editions LEPAYS<br \/>\n<a href=\"https:\/\/lepays.bf\/demission-du-gouvernement-malien\/\">Cliquez ici pour lire l&rsquo;article depuis sa source.<\/a><\/p>\n","protected":false},"excerpt":{"rendered":"<p>Il n\u2019y a pas eu de suspense, encore moins de casse-t\u00eate de casting pour le pr\u00e9sident malien Bah Ndaw suite \u00e0 la d\u00e9mission de son Premier ministre, Moctar Ouane, le 14 mai dernier. Il l\u2019a imm\u00e9diatement reconduit dans ses fonctions le m\u00eame jour, et instruit de former un gouvernement de large ouverture conform\u00e9ment aux recommandations [&hellip;]<\/p>\n","protected":false},"author":1813,"featured_media":0,"comment_status":"closed","ping_status":"closed","sticky":false,"template":"","format":"standard","meta":{"fifu_image_url":"","fifu_image_alt":"","footnotes":""},"categories":[73,81],"tags":[],"class_list":["post-116855","post","type-post","status-publish","format-standard","hentry","category-actualite","category-burkina-faso"],"_links":{"self":[{"href":"https:\/\/linitiative.ca\/International\/wp-json\/wp\/v2\/posts\/116855","targetHints":{"allow":["GET"]}}],"collection":[{"href":"https:\/\/linitiative.ca\/International\/wp-json\/wp\/v2\/posts"}],"about":[{"href":"https:\/\/linitiative.ca\/International\/wp-json\/wp\/v2\/types\/post"}],"author":[{"embeddable":true,"href":"https:\/\/linitiative.ca\/International\/wp-json\/wp\/v2\/users\/1813"}],"replies":[{"embeddable":true,"href":"https:\/\/linitiative.ca\/International\/wp-json\/wp\/v2\/comments?post=116855"}],"version-history":[{"count":0,"href":"https:\/\/linitiative.ca\/International\/wp-json\/wp\/v2\/posts\/116855\/revisions"}],"wp:attachment":[{"href":"https:\/\/linitiative.ca\/International\/wp-json\/wp\/v2\/media?parent=116855"}],"wp:term":[{"taxonomy":"category","embeddable":true,"href":"https:\/\/linitiative.ca\/International\/wp-json\/wp\/v2\/categories?post=116855"},{"taxonomy":"post_tag","embeddable":true,"href":"https:\/\/linitiative.ca\/International\/wp-json\/wp\/v2\/tags?post=116855"}],"curies":[{"name":"wp","href":"https:\/\/api.w.org\/{rel}","templated":true}]}}