{"id":116857,"date":"2021-05-16T03:58:09","date_gmt":"2021-05-16T07:58:09","guid":{"rendered":"https:\/\/linitiative.ca\/International\/gestion-durable-des-terres-en-afriquedes-scientifiques-se-concerteront-du-17-au-21-mai-prochain\/"},"modified":"2021-05-16T03:58:09","modified_gmt":"2021-05-16T07:58:09","slug":"gestion-durable-des-terres-en-afriquedes-scientifiques-se-concerteront-du-17-au-21-mai-prochain","status":"publish","type":"post","link":"https:\/\/linitiative.ca\/International\/gestion-durable-des-terres-en-afriquedes-scientifiques-se-concerteront-du-17-au-21-mai-prochain\/","title":{"rendered":"Gestion durable des terres en Afrique:Des scientifiques se concerteront du 17 au 21 mai prochain"},"content":{"rendered":"<div class=\"td-post-featured-image\"><a href=\"https:\/\/www.sidwaya.info\/wp-content\/uploads\/2021\/05\/terre.jpg\" data-caption=\"\"><img loading=\"lazy\" decoding=\"async\" width=\"696\" height=\"522\" class=\"entry-thumb td-modal-image\" src=\"https:\/\/www.sidwaya.info\/wp-content\/uploads\/2021\/05\/terre-696x522.jpg\" srcset=\"https:\/\/www.sidwaya.info\/wp-content\/uploads\/2021\/05\/terre-696x522.jpg 696w, https:\/\/www.sidwaya.info\/wp-content\/uploads\/2021\/05\/terre-300x225.jpg 300w, https:\/\/www.sidwaya.info\/wp-content\/uploads\/2021\/05\/terre-768x576.jpg 768w, https:\/\/www.sidwaya.info\/wp-content\/uploads\/2021\/05\/terre-150x113.jpg 150w, https:\/\/www.sidwaya.info\/wp-content\/uploads\/2021\/05\/terre-560x420.jpg 560w, https:\/\/www.sidwaya.info\/wp-content\/uploads\/2021\/05\/terre-80x60.jpg 80w, https:\/\/www.sidwaya.info\/wp-content\/uploads\/2021\/05\/terre-265x198.jpg 265w, https:\/\/www.sidwaya.info\/wp-content\/uploads\/2021\/05\/terre.jpg 900w\" sizes=\"auto, (max-width: 696px) 100vw, 696px\" alt=\"\" title=\"terre\"\/><\/a><\/div>\n<p><strong>En pr\u00e9lude \u00e0 la 3<sup>e<\/sup> \u00e9dition du symposium scientifique international sur la gestion durable des terres, le comit\u00e9 d\u2019organisation a convi\u00e9 la presse, le samedi 15 mai 2021, \u00e0 Ouagadougou. Les \u00e9changes ont port\u00e9 sur les enjeux de la bonne gestion des terres.<\/strong><\/p>\n<p><strong>\u00a0<\/strong>18\u00a0835\u00a0771 hectares de terres sont d\u00e9grad\u00e9es au Burkina Faso. Cette r\u00e9alit\u00e9 inqui\u00e8te la Soci\u00e9t\u00e9 de la science du sol du Burkina Faso(SSSBF), l\u2019Acad\u00e9mie nationale des sciences, des arts et des lettres du Burkina(ANSAL-BF) et le Comit\u00e9 inter-Etats de lutte contre la s\u00e9cheresse au Sahel(CILSS). Car, ses cons\u00e9quences sont, entre autres, la d\u00e9gradation acc\u00e9l\u00e9r\u00e9e des ressources agricoles et environnementales, l\u2019impossibilit\u00e9 de r\u00e9aliser la s\u00e9curit\u00e9 alimentaire et nutritionnelle au Burkina, l\u2019augmentation des populations sous-aliment\u00e9es et pauvre en milieu rural et urbain, l\u2019impossibilit\u00e9 d\u2019atteindre les Objectifs de d\u00e9veloppement durable(ODD) auxquels les Etats membres de l\u2019ONU se sont engag\u00e9s pour la p\u00e9riode 2015-2030. Pour y faire face, les scientifiques vont r\u00e9fl\u00e9chir du 17 au 21 mai 2021, \u00e0 l\u2019universit\u00e9 virtuelle du Burkina, sis \u00e0 Ouaga 2000, lors de la 3<sup>e<\/sup> \u00e9dition du symposium scientifique international sur la gestion durable des terres \u00a0sur le th\u00e8me\u00a0: <em>\u00ab\u00a0Acc\u00e8s aux intrants, innovations et mat\u00e9riels agricoles pour une gestion durable des terres\u00a0: quels d\u00e9fis pour les petits producteurs d\u2019Afrique\u00a0\u00bb.<\/em> Selon le pr\u00e9sident du comit\u00e9 d\u2019organisation, Issa Bikienga, 250 participants sont attendus. Quels sont les objectifs du symposium\u00a0? M. Bikienga\u00a0 a dit qu\u2019il vise \u00e0 capitaliser les nouvelles informations scientifiques et politiques en mati\u00e8re de gestion durable des terres en Afrique, \u00e9changer avec les acteurs de terrain sur les contraintes de mise en \u0153uvre des programmes et initiatives en mati\u00e8re de gestion durable des terres, d\u2019identifier des m\u00e9canismes facilitant l\u2019acc\u00e8s aux intrants et innovations agricoles en mati\u00e8re de gestion des terres par les petits producteurs, identifier des m\u00e9canismes pouvant aboutir \u00e0 l\u2019implication d\u2019un r\u00e9seau de r\u00e9f\u00e9rence\u00a0 sur la gestion durable des terres notamment par la mise en place d\u2019un centre d\u2019excellence sur la gestion durable des terres. Concr\u00e8tement, comment les r\u00e9flexions vont se mener et quelles sont vos attentes au sortir du symposium\u00a0? Le pr\u00e9sident du comit\u00e9 d\u2019organisation a r\u00e9v\u00e9l\u00e9 que des communications scientifiques sur les innovations en mati\u00e8re de gestion durable des terres portant sur la r\u00e9cup\u00e9ration des terres d\u00e9grad\u00e9es, la fertilit\u00e9 des sols, l\u2019\u00e9conomie de la d\u00e9gradation des terres, des tables-rondes sur les politiques agricoles en mati\u00e8re de gestion durable des terres pour se pencher sur le foncier rural, les chaines de valeurs agricoles, la neutralit\u00e9 en mati\u00e8re de d\u00e9gradation des terres, l\u2019agro \u00e9cologie, une exposition scientifique pour permettre aux chercheurs et inventeurs afin de pr\u00e9senter les r\u00e9sultats de leurs travaux seront au menu. Concernant les attentes, il a dit esp\u00e9rer attirer l\u2019attention des d\u00e9cideurs politiques ouest-africains et du Burkina sur la n\u00e9cessit\u00e9 et l\u2019urgence d\u2019agir maintenant en faveur de la gestion durable des terres pour permettre aux Etats de s\u2019inscrire r\u00e9solument\u00a0 dans le cercle du d\u00e9veloppement durable.<\/p>\n<p><strong>Abdel Aziz NABALOUM<\/strong><\/p>\n<p><strong><a href=\"mailto:emirathe@yahoo.fr\">emirathe@yahoo.fr<\/a><\/strong><\/p>\n<p><strong>\u00a0<\/strong><\/p>\n<div class=\"td-a-rec td-a-rec-id-content_bottom tdi_33_644 td_block_template_1\">\n<p><img loading=\"lazy\" decoding=\"async\" class=\"aligncenter size-full wp-image-27454\" src=\"https:\/\/www.sidwaya.info\/wp-content\/uploads\/2020\/10\/PUB-Bandeau-paiement-mobile-siteweb.jpg\" alt=\"\" width=\"728\" height=\"90\"\/><\/div>\n<p>Auteur: BS. Sidwaya<br \/>\n<a href=\"https:\/\/www.sidwaya.info\/blog\/2021\/05\/16\/gestion-durable-des-terres-en-afriquedes-scientifiques-se-concerteront-du-17-au-21-mai-prochain\/\">Cliquez ici pour lire l&rsquo;article depuis sa source.<\/a><\/p>\n","protected":false},"excerpt":{"rendered":"<p>En pr\u00e9lude \u00e0 la 3e \u00e9dition du symposium scientifique international sur la gestion durable des terres, le comit\u00e9 d\u2019organisation a convi\u00e9 la presse, le samedi 15 mai 2021, \u00e0 Ouagadougou. Les \u00e9changes ont port\u00e9 sur les enjeux de la bonne gestion des terres. \u00a018\u00a0835\u00a0771 hectares de terres sont d\u00e9grad\u00e9es au Burkina Faso. Cette r\u00e9alit\u00e9 inqui\u00e8te [&hellip;]<\/p>\n","protected":false},"author":1816,"featured_media":0,"comment_status":"closed","ping_status":"closed","sticky":false,"template":"","format":"standard","meta":{"fifu_image_url":"https:\/\/www.sidwaya.info\/wp-content\/uploads\/2021\/05\/terre-696x522.jpg","fifu_image_alt":"Gestion durable des terres en Afrique:Des scientifiques se concerteront du 17 au 21 mai prochain","footnotes":""},"categories":[73,81],"tags":[],"class_list":["post-116857","post","type-post","status-publish","format-standard","hentry","category-actualite","category-burkina-faso"],"_links":{"self":[{"href":"https:\/\/linitiative.ca\/International\/wp-json\/wp\/v2\/posts\/116857","targetHints":{"allow":["GET"]}}],"collection":[{"href":"https:\/\/linitiative.ca\/International\/wp-json\/wp\/v2\/posts"}],"about":[{"href":"https:\/\/linitiative.ca\/International\/wp-json\/wp\/v2\/types\/post"}],"author":[{"embeddable":true,"href":"https:\/\/linitiative.ca\/International\/wp-json\/wp\/v2\/users\/1816"}],"replies":[{"embeddable":true,"href":"https:\/\/linitiative.ca\/International\/wp-json\/wp\/v2\/comments?post=116857"}],"version-history":[{"count":0,"href":"https:\/\/linitiative.ca\/International\/wp-json\/wp\/v2\/posts\/116857\/revisions"}],"wp:attachment":[{"href":"https:\/\/linitiative.ca\/International\/wp-json\/wp\/v2\/media?parent=116857"}],"wp:term":[{"taxonomy":"category","embeddable":true,"href":"https:\/\/linitiative.ca\/International\/wp-json\/wp\/v2\/categories?post=116857"},{"taxonomy":"post_tag","embeddable":true,"href":"https:\/\/linitiative.ca\/International\/wp-json\/wp\/v2\/tags?post=116857"}],"curies":[{"name":"wp","href":"https:\/\/api.w.org\/{rel}","templated":true}]}}