{"id":116858,"date":"2021-05-16T07:06:42","date_gmt":"2021-05-16T11:06:42","guid":{"rendered":"https:\/\/linitiative.ca\/International\/cathedrale-de-bobo-le-president-du-faso-participe-a-la-messe-de-dedicace-de-ledifice-rehabilite-ce-dimanche\/"},"modified":"2021-05-16T07:06:42","modified_gmt":"2021-05-16T11:06:42","slug":"cathedrale-de-bobo-le-president-du-faso-participe-a-la-messe-de-dedicace-de-ledifice-rehabilite-ce-dimanche","status":"publish","type":"post","link":"https:\/\/linitiative.ca\/International\/cathedrale-de-bobo-le-president-du-faso-participe-a-la-messe-de-dedicace-de-ledifice-rehabilite-ce-dimanche\/","title":{"rendered":"Cath\u00e9drale de Bobo : le pr\u00e9sident du Faso participe \u00e0 la messe de d\u00e9dicace de l\u2019\u00e9difice r\u00e9habilit\u00e9 ce dimanche\u00a0"},"content":{"rendered":"<div class=\"td-post-featured-image\"><a href=\"https:\/\/www.sidwaya.info\/wp-content\/uploads\/2021\/05\/cathedrale.jpg\" data-caption=\"\"><img loading=\"lazy\" decoding=\"async\" width=\"696\" height=\"522\" class=\"entry-thumb td-modal-image\" src=\"https:\/\/www.sidwaya.info\/wp-content\/uploads\/2021\/05\/cathedrale-696x522.jpg\" srcset=\"https:\/\/www.sidwaya.info\/wp-content\/uploads\/2021\/05\/cathedrale-696x522.jpg 696w, https:\/\/www.sidwaya.info\/wp-content\/uploads\/2021\/05\/cathedrale-300x225.jpg 300w, https:\/\/www.sidwaya.info\/wp-content\/uploads\/2021\/05\/cathedrale-150x113.jpg 150w, https:\/\/www.sidwaya.info\/wp-content\/uploads\/2021\/05\/cathedrale-560x420.jpg 560w, https:\/\/www.sidwaya.info\/wp-content\/uploads\/2021\/05\/cathedrale-80x60.jpg 80w, https:\/\/www.sidwaya.info\/wp-content\/uploads\/2021\/05\/cathedrale-265x198.jpg 265w, https:\/\/www.sidwaya.info\/wp-content\/uploads\/2021\/05\/cathedrale.jpg 720w\" sizes=\"auto, (max-width: 696px) 100vw, 696px\" alt=\"\" title=\"cathedrale\"\/><\/a><\/div>\n<p>Roch Kabor\u00e9 assiste ce dimanche, \u00e0 la messe de d\u00e9dicace de la cath\u00e9drale Notre Dame de Lourdes de Bobo Dioulasso. Les travaux de r\u00e9habilitation de l\u2019\u00e9difice ont \u00e9t\u00e9 lances en juillet 2020 et ont cout\u00e9 1 milliard 228 millions de F CFA, y compris les infrastructures connexes. Le projet de cette r\u00e9habilitation remonte \u00e0 2016 et a permis de redonner \u00e0 la cath\u00e9drale son lustre d\u2019antan. Ouverte au culte en 1961, elle est class\u00e9e dans le patrimoine touristique du pays.<\/p>\n<div class=\"td-a-rec td-a-rec-id-content_bottom tdi_33_bda td_block_template_1\">\n<p><img loading=\"lazy\" decoding=\"async\" class=\"aligncenter size-full wp-image-27454\" src=\"https:\/\/www.sidwaya.info\/wp-content\/uploads\/2020\/10\/PUB-Bandeau-paiement-mobile-siteweb.jpg\" alt=\"\" width=\"728\" height=\"90\"\/><\/div>\n<p>Auteur: Wamini SIDWAYA<br \/>\n<a href=\"https:\/\/www.sidwaya.info\/blog\/2021\/05\/16\/cathedrale-de-bobo-le-president-du-faso-participe-a-la-messe-de-dedicace-de-ledifice-rehabilite-ce-dimanche\/\">Cliquez ici pour lire l&rsquo;article depuis sa source.<\/a><\/p>\n","protected":false},"excerpt":{"rendered":"<p>Roch Kabor\u00e9 assiste ce dimanche, \u00e0 la messe de d\u00e9dicace de la cath\u00e9drale Notre Dame de Lourdes de Bobo Dioulasso. Les travaux de r\u00e9habilitation de l\u2019\u00e9difice ont \u00e9t\u00e9 lances en juillet 2020 et ont cout\u00e9 1 milliard 228 millions de F CFA, y compris les infrastructures connexes. Le projet de cette r\u00e9habilitation remonte \u00e0 2016 [&hellip;]<\/p>\n","protected":false},"author":1816,"featured_media":0,"comment_status":"closed","ping_status":"closed","sticky":false,"template":"","format":"standard","meta":{"fifu_image_url":"https:\/\/www.sidwaya.info\/wp-content\/uploads\/2021\/05\/cathedrale-696x522.jpg","fifu_image_alt":"Cath\u00e9drale de Bobo : le pr\u00e9sident du Faso participe \u00e0 la messe de d\u00e9dicace de l\u2019\u00e9difice r\u00e9habilit\u00e9 ce dimanche\u00a0","footnotes":""},"categories":[73,81],"tags":[],"class_list":["post-116858","post","type-post","status-publish","format-standard","hentry","category-actualite","category-burkina-faso"],"_links":{"self":[{"href":"https:\/\/linitiative.ca\/International\/wp-json\/wp\/v2\/posts\/116858","targetHints":{"allow":["GET"]}}],"collection":[{"href":"https:\/\/linitiative.ca\/International\/wp-json\/wp\/v2\/posts"}],"about":[{"href":"https:\/\/linitiative.ca\/International\/wp-json\/wp\/v2\/types\/post"}],"author":[{"embeddable":true,"href":"https:\/\/linitiative.ca\/International\/wp-json\/wp\/v2\/users\/1816"}],"replies":[{"embeddable":true,"href":"https:\/\/linitiative.ca\/International\/wp-json\/wp\/v2\/comments?post=116858"}],"version-history":[{"count":0,"href":"https:\/\/linitiative.ca\/International\/wp-json\/wp\/v2\/posts\/116858\/revisions"}],"wp:attachment":[{"href":"https:\/\/linitiative.ca\/International\/wp-json\/wp\/v2\/media?parent=116858"}],"wp:term":[{"taxonomy":"category","embeddable":true,"href":"https:\/\/linitiative.ca\/International\/wp-json\/wp\/v2\/categories?post=116858"},{"taxonomy":"post_tag","embeddable":true,"href":"https:\/\/linitiative.ca\/International\/wp-json\/wp\/v2\/tags?post=116858"}],"curies":[{"name":"wp","href":"https:\/\/api.w.org\/{rel}","templated":true}]}}