{"id":116860,"date":"2021-05-15T19:18:02","date_gmt":"2021-05-15T23:18:02","guid":{"rendered":"https:\/\/linitiative.ca\/International\/interdiction-meeting-du-fpi-damana-pickass-denonce-une-machination\/"},"modified":"2021-05-15T19:18:02","modified_gmt":"2021-05-15T23:18:02","slug":"interdiction-meeting-du-fpi-damana-pickass-denonce-une-machination","status":"publish","type":"post","link":"https:\/\/linitiative.ca\/International\/interdiction-meeting-du-fpi-damana-pickass-denonce-une-machination\/","title":{"rendered":"Interdiction meeting du FPI: Damana Pickass d\u00e9nonce une \u00ab\u00a0machination\u00a0\u00bb"},"content":{"rendered":"<div readability=\"32\">\n<p>Publi\u00e9 le 16.05.2021 \u00e0 00h18 par APA News<\/p>\n<\/div>\n<div readability=\"126\">\n<p>Damana Pickass, vice-pr\u00e9sident du Front populaire ivoirien (FPI, opposition), a d\u00e9nonc\u00e9 samedi une \u00ab\u00a0machination\u00a0\u00bb \u00e0 la suite de l\u2019interdiction par le pr\u00e9fet d\u2019Abidjan du meeting du parti \u00e0 Port-Bou\u00ebt relatif au retour de Laurent Gbagbo.<\/p>\n<p>\u00ab\u00a0A l\u2019analyse des faits, tout ceci rel\u00e8ve d\u2019une machination savamment orchestr\u00e9e \u00e0 l\u2019effet d\u2019emp\u00eacher la tenue du meeting de la paix et de la r\u00e9conciliation nationale\u00a0\u00bb, a d\u00e9clar\u00e9 M. Damana Pickass, lors d\u2019un point de presse.\u00a0<\/p>\n<p>Ce meeting, en faveur de la paix et de la r\u00e9conciliation nationale \u00e9tait pr\u00e9vu se tenir le samedi 15 mai 2021 au stade de Gonzagueville, \u00e0 Port-Bou\u00ebt, cit\u00e9 baln\u00e9aire dans le Sud d\u2019Abidjan. Et ce, dans l\u2019optique du retour de Laurent Gbagbo.\u00a0<\/p>\n<p>M. Damana Pickass, rentr\u00e9 r\u00e9cemment d\u2019exil du Ghana, apr\u00e8s 10 ans, est le pr\u00e9sident de la Commission mobilisation du Grand-Abidjan pour le retour de l\u2019ex-pr\u00e9sident Laurent Gbagbo. \u00a0<\/p>\n<p>Selon M. Damana, le maire de Port-Bou\u00ebt, a autoris\u00e9 le meeting, mais \u00ab\u00a0contre toute attente, le pr\u00e9fet du D\u00e9partement d\u2019Abidjan a interdit le meeting\u00a0\u00bb de la paix et de la r\u00e9conciliation nationale pour le retour de Gbagbo par arr\u00eat\u00e9 le 14 mai 2021.\u00a0<\/p>\n<p>\u00ab\u00a0Cette interdiction a \u00e9t\u00e9 notifi\u00e9e au Secr\u00e9taire g\u00e9n\u00e9ral de la F\u00e9d\u00e9ration FPI de Port-Bou\u00ebt, le vendredi 14 mai 2021 \u00e0 23 heures 48 minutes par Whatsap\u00a0\u00bb, a fait observer M. Damana.<\/p>\n<p>Citant le texte d\u2019interdiction, il a dit que \u00ab\u00a0cette d\u00e9cision prise dans l\u2019urgence, selon l\u2019arr\u00eat\u00e9 (du pr\u00e9fet du D\u00e9partement d\u2019Abidjan) serait dans le but d\u2019\u00e9viter des risques d\u2019affrontements et de troubles \u00e0 l\u2019ordre public\u00a0\u00bb.<\/p>\n<p>\u00ab\u00a0Dans les pr\u00e9paratifs de ce meeting, des individus se r\u00e9clamant d\u2019une association de victimes et pr\u00e9textant d\u00e9tenir une autorisation d\u2019occupation du m\u00eame site \u00e0 la m\u00eame date et \u00e0 la m\u00eame heure, se sont pr\u00e9sent\u00e9s sur les lieux de la manifestation, dans la nuit du vendredi 14 mai 2021 aux environs de 20 heures\u00a0\u00bb, a-t-il ajout\u00e9.<\/p>\n<p>\u00a0Poursuivant, il a d\u00e9clar\u00e9 qu\u2019ils avaient \u00ab\u00a0des intentions manifestes de saccager les installations en cours\u00a0\u00bb. En outre, \u00ab\u00a0invit\u00e9s par la police, \u00e0 pr\u00e9senter ladite autorisation, ces derniers ont \u00e9t\u00e9 incapables de le faire. Ils ont donc \u00e9t\u00e9 \u00e9vacu\u00e9s des lieux par les forces de l\u2019ordre\u00a0\u00bb.\u00a0<\/p>\n<p>\u00ab\u00a0Nous tenons \u00e0 rappeler \u00e0 toutes fins utiles que l\u2019association, dont l\u2019arr\u00eat\u00e9 pr\u00e9fectoral fait allusion, a eu \u00e0 manifester publiquement au Plateau, devant le Palais de Justice le lundi 10 mai 2021, en toute qui\u00e9tude\u00a0\u00bb, a-t-il laiss\u00e9 entendre.\u00a0<\/p>\n<p>Deux meetings de mobilisation, pour la paix et la r\u00e9conciliation nationale, ont \u00e9t\u00e9 programm\u00e9s le 15 mai 2021 \u00e0 14 heures au stade de Gonzagueville et le dimanche 16 mai 2021 \u00e0 14 heures \u00e0 la place Kadjo Amangoua de Bonoua.\u00a0<\/p>\n<p>\u00ab\u00a0Dans le m\u00eame \u00e9lan de d\u00e9crispation de l\u2019atmosph\u00e8re sociale\u00a0\u00bb, M. Damana annonce avoir d\u00e9cid\u00e9, \u00ab\u00a0malgr\u00e9 toutes les autorisations administratives obtenues par le F\u00e9d\u00e9ral FPI de Bonoua, de reporter, \u00e0 une date ult\u00e9rieure, le meeting pr\u00e9vu le dimanche 16 mai 2021 \u00e0 la place Kadjo Amangoua de Bonoua\u00a0\u00bb.<\/p>\n<p>Le 31 mars 2021, l\u2019ancien pr\u00e9sident ivoirien Laurent Gbagbo a \u00e9t\u00e9 acquitt\u00e9 d\u00e9finitivement par la Cour P\u00e9nale Internationale avec son co-accus\u00e9 Charles Bl\u00e9 Goud\u00e9. Dans le cadre de son retour en C\u00f4te d\u2019Ivoire, des structures d\u2019accueil ont \u00e9t\u00e9 mises en place.<\/p>\n<\/div>\n<p>Auteur: APA News<br \/>\n<a href=\"https:\/\/www.journalducameroun.com\/interdiction-meeting-du-fpi-damana-pickass-denonce-une-machination\/\">Cliquez ici pour lire l&rsquo;article depuis sa source.<\/a><\/p>\n","protected":false},"excerpt":{"rendered":"<p>Publi\u00e9 le 16.05.2021 \u00e0 00h18 par APA News Damana Pickass, vice-pr\u00e9sident du Front populaire ivoirien (FPI, opposition), a d\u00e9nonc\u00e9 samedi une \u00ab\u00a0machination\u00a0\u00bb \u00e0 la suite de l\u2019interdiction par le pr\u00e9fet d\u2019Abidjan du meeting du parti \u00e0 Port-Bou\u00ebt relatif au retour de Laurent Gbagbo. \u00ab\u00a0A l\u2019analyse des faits, tout ceci rel\u00e8ve d\u2019une machination savamment orchestr\u00e9e \u00e0 [&hellip;]<\/p>\n","protected":false},"author":1965,"featured_media":0,"comment_status":"closed","ping_status":"closed","sticky":false,"template":"","format":"standard","meta":{"fifu_image_url":"","fifu_image_alt":"","footnotes":""},"categories":[73,82],"tags":[],"class_list":["post-116860","post","type-post","status-publish","format-standard","hentry","category-actualite","category-cameroun"],"_links":{"self":[{"href":"https:\/\/linitiative.ca\/International\/wp-json\/wp\/v2\/posts\/116860","targetHints":{"allow":["GET"]}}],"collection":[{"href":"https:\/\/linitiative.ca\/International\/wp-json\/wp\/v2\/posts"}],"about":[{"href":"https:\/\/linitiative.ca\/International\/wp-json\/wp\/v2\/types\/post"}],"author":[{"embeddable":true,"href":"https:\/\/linitiative.ca\/International\/wp-json\/wp\/v2\/users\/1965"}],"replies":[{"embeddable":true,"href":"https:\/\/linitiative.ca\/International\/wp-json\/wp\/v2\/comments?post=116860"}],"version-history":[{"count":0,"href":"https:\/\/linitiative.ca\/International\/wp-json\/wp\/v2\/posts\/116860\/revisions"}],"wp:attachment":[{"href":"https:\/\/linitiative.ca\/International\/wp-json\/wp\/v2\/media?parent=116860"}],"wp:term":[{"taxonomy":"category","embeddable":true,"href":"https:\/\/linitiative.ca\/International\/wp-json\/wp\/v2\/categories?post=116860"},{"taxonomy":"post_tag","embeddable":true,"href":"https:\/\/linitiative.ca\/International\/wp-json\/wp\/v2\/tags?post=116860"}],"curies":[{"name":"wp","href":"https:\/\/api.w.org\/{rel}","templated":true}]}}