{"id":116861,"date":"2021-05-15T19:18:02","date_gmt":"2021-05-15T23:18:02","guid":{"rendered":"https:\/\/linitiative.ca\/International\/deces-a-abidjan-du-journaliste-senegalais-moriba-magassouba\/"},"modified":"2021-05-15T19:18:02","modified_gmt":"2021-05-15T23:18:02","slug":"deces-a-abidjan-du-journaliste-senegalais-moriba-magassouba","status":"publish","type":"post","link":"https:\/\/linitiative.ca\/International\/deces-a-abidjan-du-journaliste-senegalais-moriba-magassouba\/","title":{"rendered":"D\u00e9c\u00e8s \u00e0 Abidjan du journaliste s\u00e9n\u00e9galais Moriba Magassouba"},"content":{"rendered":"<div readability=\"32\">\n<p>Publi\u00e9 le 16.05.2021 \u00e0 00h18 par APA News<\/p>\n<\/div>\n<div readability=\"65\">\n<p>Le journaliste s\u00e9n\u00e9galais Moriba Magassouba est d\u00e9c\u00e9d\u00e9, samedi \u00e0 Abidjan, des suites d\u2019une courte maladie.<\/p>\n<p>Selon une source proche de la famille, \u00ab le journaliste, historien et \u00e9crivain Moriba Magassouba est d\u00e9c\u00e9d\u00e9 ce samedi \u00e0 Abidjan des suites d\u2019une courte maladie\u00bb. Il r\u00e9sidait \u00e0 Abidjan, la capitale \u00e9conomique ivoirienne, depuis plusieurs ann\u00e9es.\u00a0<\/p>\n<p>Issu de la 2e promotion du Centre d\u2019\u00e9tudes des sciences et techniques de l\u2019information (CESTI), l\u2019\u00e9cole de journalisme de l\u2019Universit\u00e9 Cheikh Anta Diop de Dakar, Moriba Magassouba a notamment travaill\u00e9 au journal Le Soleil du S\u00e9n\u00e9gal, \u00e0 l\u2019agence de presse panafricaine PanaPress dont il a \u00e9t\u00e9 le Chef de Bureau \u00e0 Abidjan, au magazine Africa international et \u00e0 l\u2019hebdomadaire Jeune Afrique.<\/p>\n<p>\u00ab Alassane Ouattara, la passion du devoir \u00bb, est la r\u00e9cente \u0153uvre litt\u00e9raire de Moriba Magassouba sortie en d\u00e9but de cette ann\u00e9e.<\/p>\n<p>\u00a0Dans ce livre de 350 pages, l\u2019auteur retrace le parcours de l\u2019actuel pr\u00e9sident ivoirien, Alassane Ouattara qui a su gravir les \u00e9chelons de la vie pour se hisser \u00e0 la plus haute marche de la vie politique de son pays, la C\u00f4te d\u2019Ivoire. \u00a0Moriba Magassouba est \u00e9galement \u00a0l\u2019auteur du livre \u00ab\u00a0L\u2019Islam au S\u00e9n\u00e9gal : demain les mollahs ?\u00a0\u00bb.<\/p>\n<\/div>\n<p>Auteur: APA News<br \/>\n<a href=\"https:\/\/www.journalducameroun.com\/deces-a-abidjan-du-journaliste-senegalais-moriba-magassouba\/\">Cliquez ici pour lire l&rsquo;article depuis sa source.<\/a><\/p>\n","protected":false},"excerpt":{"rendered":"<p>Publi\u00e9 le 16.05.2021 \u00e0 00h18 par APA News Le journaliste s\u00e9n\u00e9galais Moriba Magassouba est d\u00e9c\u00e9d\u00e9, samedi \u00e0 Abidjan, des suites d\u2019une courte maladie. Selon une source proche de la famille, \u00ab le journaliste, historien et \u00e9crivain Moriba Magassouba est d\u00e9c\u00e9d\u00e9 ce samedi \u00e0 Abidjan des suites d\u2019une courte maladie\u00bb. Il r\u00e9sidait \u00e0 Abidjan, la capitale [&hellip;]<\/p>\n","protected":false},"author":1965,"featured_media":0,"comment_status":"closed","ping_status":"closed","sticky":false,"template":"","format":"standard","meta":{"fifu_image_url":"","fifu_image_alt":"","footnotes":""},"categories":[73,82],"tags":[],"class_list":["post-116861","post","type-post","status-publish","format-standard","hentry","category-actualite","category-cameroun"],"_links":{"self":[{"href":"https:\/\/linitiative.ca\/International\/wp-json\/wp\/v2\/posts\/116861","targetHints":{"allow":["GET"]}}],"collection":[{"href":"https:\/\/linitiative.ca\/International\/wp-json\/wp\/v2\/posts"}],"about":[{"href":"https:\/\/linitiative.ca\/International\/wp-json\/wp\/v2\/types\/post"}],"author":[{"embeddable":true,"href":"https:\/\/linitiative.ca\/International\/wp-json\/wp\/v2\/users\/1965"}],"replies":[{"embeddable":true,"href":"https:\/\/linitiative.ca\/International\/wp-json\/wp\/v2\/comments?post=116861"}],"version-history":[{"count":0,"href":"https:\/\/linitiative.ca\/International\/wp-json\/wp\/v2\/posts\/116861\/revisions"}],"wp:attachment":[{"href":"https:\/\/linitiative.ca\/International\/wp-json\/wp\/v2\/media?parent=116861"}],"wp:term":[{"taxonomy":"category","embeddable":true,"href":"https:\/\/linitiative.ca\/International\/wp-json\/wp\/v2\/categories?post=116861"},{"taxonomy":"post_tag","embeddable":true,"href":"https:\/\/linitiative.ca\/International\/wp-json\/wp\/v2\/tags?post=116861"}],"curies":[{"name":"wp","href":"https:\/\/api.w.org\/{rel}","templated":true}]}}