{"id":116862,"date":"2021-05-16T17:18:01","date_gmt":"2021-05-16T21:18:01","guid":{"rendered":"https:\/\/linitiative.ca\/International\/football-la-finale-de-la-ligue-africaine-des-champions-aura-lieu-au-maroc\/"},"modified":"2021-05-16T17:18:01","modified_gmt":"2021-05-16T21:18:01","slug":"football-la-finale-de-la-ligue-africaine-des-champions-aura-lieu-au-maroc","status":"publish","type":"post","link":"https:\/\/linitiative.ca\/International\/football-la-finale-de-la-ligue-africaine-des-champions-aura-lieu-au-maroc\/","title":{"rendered":"Football: La finale de la ligue africaine des champions aura lieu au Maroc"},"content":{"rendered":"<div readability=\"32\">\n<p>Publi\u00e9 le 16.05.2021 \u00e0 22h18 par APA News<\/p>\n<\/div>\n<div readability=\"63\">\n<p>Le Maroc abritera la finale de la ligue africaine des champions de football, pr\u00e9vue le 17 juin prochain, a indiqu\u00e9 un communiqu\u00e9 de la Conf\u00e9d\u00e9ration africaine de football (CAF) publi\u00e9 \u00e0 l\u2019issue de la r\u00e9union de son comit\u00e9 ex\u00e9cutif, tenue \u00e0 Kigali au Rwanda.Le Comit\u00e9 ex\u00e9cutif de la CAF a aussi d\u00e9sign\u00e9 le B\u00e9nin pour accueillir la Coupe de la Conf\u00e9d\u00e9ration de la CAF en 2021, tandis que l\u2019Egypte a \u00e9t\u00e9 pl\u00e9biscit\u00e9 pour abriter la Ligue des Champions f\u00e9minine de la CAF en 2021 et la Coupe d\u2019Afrique des Nations U20 en 2023.<\/p>\n<p>La Coupe d\u2019Afrique des Nations U17 se tiendra en Alg\u00e9rie en 2023, alors que la Coupe d\u2019Afrique des Nations de Beach Soccer aura lieu au Mozambique en 2022.<\/p>\n<p>Le Comit\u00e9 Ex\u00e9cutif a \u00e9galement approuv\u00e9 les d\u00e9cisions du Comit\u00e9 d\u2019urgence relatives au report des \u00e9liminatoires africaines de la Coupe du Monde de la FIFA, Qatar 2022 qui devaient se jouer en juin 2021.<\/p>\n<p>Les rencontres des \u00e9liminatoires se tiendront d\u00e9sormais durant les fen\u00eatres internationales de septembre, octobre et novembre 2021, ainsi que de mars 2022.<\/p>\n<p>Pour rappel, le Wydad de Casablanca (WAC) est le seul repr\u00e9sentant du Maroc dans la ligue africaine des champions de football. Qualifi\u00e9s pour le stade des quarts de finale, le WAC a ramen\u00e9 un nul pr\u00e9cieux, vendredi, face au Mouloudia d\u2019Alger, malgr\u00e9 les erreurs arbitrales qui ont entach\u00e9 ce derby maghr\u00e9bin.<\/p>\n<\/div>\n<p>Auteur: APA News<br \/>\n<a href=\"https:\/\/www.journalducameroun.com\/football-la-finale-de-la-ligue-africaine-des-champions-aura-lieu-au-maroc\/\">Cliquez ici pour lire l&rsquo;article depuis sa source.<\/a><\/p>\n","protected":false},"excerpt":{"rendered":"<p>Publi\u00e9 le 16.05.2021 \u00e0 22h18 par APA News Le Maroc abritera la finale de la ligue africaine des champions de football, pr\u00e9vue le 17 juin prochain, a indiqu\u00e9 un communiqu\u00e9 de la Conf\u00e9d\u00e9ration africaine de football (CAF) publi\u00e9 \u00e0 l\u2019issue de la r\u00e9union de son comit\u00e9 ex\u00e9cutif, tenue \u00e0 Kigali au Rwanda.Le Comit\u00e9 ex\u00e9cutif de [&hellip;]<\/p>\n","protected":false},"author":1965,"featured_media":0,"comment_status":"closed","ping_status":"closed","sticky":false,"template":"","format":"standard","meta":{"fifu_image_url":"","fifu_image_alt":"","footnotes":""},"categories":[73,82],"tags":[],"class_list":["post-116862","post","type-post","status-publish","format-standard","hentry","category-actualite","category-cameroun"],"_links":{"self":[{"href":"https:\/\/linitiative.ca\/International\/wp-json\/wp\/v2\/posts\/116862","targetHints":{"allow":["GET"]}}],"collection":[{"href":"https:\/\/linitiative.ca\/International\/wp-json\/wp\/v2\/posts"}],"about":[{"href":"https:\/\/linitiative.ca\/International\/wp-json\/wp\/v2\/types\/post"}],"author":[{"embeddable":true,"href":"https:\/\/linitiative.ca\/International\/wp-json\/wp\/v2\/users\/1965"}],"replies":[{"embeddable":true,"href":"https:\/\/linitiative.ca\/International\/wp-json\/wp\/v2\/comments?post=116862"}],"version-history":[{"count":0,"href":"https:\/\/linitiative.ca\/International\/wp-json\/wp\/v2\/posts\/116862\/revisions"}],"wp:attachment":[{"href":"https:\/\/linitiative.ca\/International\/wp-json\/wp\/v2\/media?parent=116862"}],"wp:term":[{"taxonomy":"category","embeddable":true,"href":"https:\/\/linitiative.ca\/International\/wp-json\/wp\/v2\/categories?post=116862"},{"taxonomy":"post_tag","embeddable":true,"href":"https:\/\/linitiative.ca\/International\/wp-json\/wp\/v2\/tags?post=116862"}],"curies":[{"name":"wp","href":"https:\/\/api.w.org\/{rel}","templated":true}]}}