{"id":116864,"date":"2021-05-16T11:13:53","date_gmt":"2021-05-16T15:13:53","guid":{"rendered":"https:\/\/linitiative.ca\/International\/filiere-cacao-5-millions-de-plants-divisent-les-cacaoculteurs-de-la-region-du-sud-et-la-sodecao\/"},"modified":"2021-05-16T11:13:53","modified_gmt":"2021-05-16T15:13:53","slug":"filiere-cacao-5-millions-de-plants-divisent-les-cacaoculteurs-de-la-region-du-sud-et-la-sodecao","status":"publish","type":"post","link":"https:\/\/linitiative.ca\/International\/filiere-cacao-5-millions-de-plants-divisent-les-cacaoculteurs-de-la-region-du-sud-et-la-sodecao\/","title":{"rendered":"Fili\u00e8re cacao : 5 millions de plants divisent les cacaoculteurs de la r\u00e9gion du Sud et la Sodecao"},"content":{"rendered":"<p>Le Directeur g\u00e9n\u00e9ral de la Soci\u00e9t\u00e9 de D\u00e9veloppement du cacao (Sodecao), Jean Claude Eko\u2019o Akouafane, a proc\u00e9d\u00e9 les 13 et 14 avril derniers au lancement de la campagne cacaoy\u00e8re 2020-2021 dans la r\u00e9gion du Sud, pr\u00e9cis\u00e9ment dans les localit\u00e9s d\u2019Ambam, de Meyo-Nyaka et de Nkoemvone. Au cours de cet important rendez-vous avec les cacaoculteurs, le patron de la Sodecao, avait par ailleurs annonc\u00e9, la mise \u00e0 disposition de 5 millions de plants de cacaoyers pour ses p\u00e9pini\u00e8res \u00e0 travers le pays. Sur ces entrefaites, certains cacaoculteurs de la r\u00e9gion avaient cru entendre que cette importante dotation leur \u00e9tait enti\u00e8rement destin\u00e9e, et lorsqu\u2019est venu le temps de proc\u00e9der \u00e0 la r\u00e9partition, ils se sont illustr\u00e9s par quelques bruits de bottes. Le 26 avril dernier, plus de 200 planteurs venus de la Vall\u00e9e du Ntem (Ambam) s\u2019\u00e9taient constitu\u00e9s en un collectif d\u00e9nomm\u00e9 \u00ab\u00a0les Cacaoculteurs d\u00e9munis du Sud\u00a0\u00bb, et ont m\u00eame battu le pav\u00e9 devant les services du gouverneur du Sud.<\/p>\n<p><strong>Lire aussi<\/strong> : <strong><a href=\"https:\/\/ecomatin.net\/campagne-cacaoyere-2020-2021-la-sodecao-octroie-5millionss-de-plants-aux-cacaoculteurs\/\">Campagne cacaoy\u00e8re 2020-2021 : la Sodecao octroie 5 millions de plants au cacaoculteurs<\/a><\/strong><\/p>\n<p>\u00ab\u00a0Tout r\u00e9cemment il y a environ deux semaines, l\u2019actuel Directeur G\u00e9n\u00e9ral de la Sodecao lors de l\u2019ouverture de la campagne cacaoy\u00e8re \u00e0 Ambam, nous a annonc\u00e9 la disponibilit\u00e9 de 5 000 000 (cinq millions de plants de cacaoyer). La nouvelle a \u00e9t\u00e9 hautement bien accueillie et avec euphorie par tous les cacaoculteurs. Mais \u00e0 notre surprise lorsque nous nous sommes rendus \u00e0 la base Sodecao d\u2019Ebolowa, nous avons constat\u00e9 avec amertume qu\u2019il s\u2019agissait d\u2019une boutique de luxe r\u00e9serv\u00e9 au VIP, c\u2019est-\u00e0-dire aux nantis et non aux d\u00e9munis que nous sommes, puisqu\u2019 on nous demande toute pond\u00e9ration faite un minimum de 110 000 (cent dix mille) Francs CFA pour 1000 (mille) plants de cacaoyer. Plus grave encore les op\u00e9rations sont exig\u00e9es paiement cash ce que nous a d\u00e9clar\u00e9 le chef Secteur Sodecao dame Yaka Hermine\u00a0\u00bb, temp\u00eatait alors \u00c9tienne Marcel Mvaebeme, porte-parole dudit collectif.<\/p>\n<p><strong>Mise au point<\/strong><\/p>\n<p>La Sodecao, ainsi mise au banc des accus\u00e9s, n\u2019est pas rest\u00e9e de marbre, et a tenu \u00e0 apporter des \u00e9claircissements sur cette actualit\u00e9 qui a fortement contribu\u00e9 \u00e0 \u00e9corner son image. Dans une mise au point parvenue \u00e0 notre r\u00e9daction, la soci\u00e9t\u00e9 d\u00e9savoue clairement les cacaoculteurs se r\u00e9clamant de ce collectif, lesquels n\u2019apparaissent pas dans son fichier. En sus, la Sodecao pr\u00e9cise qu\u2019il n\u2019a nullement \u00e9t\u00e9 question de doter la r\u00e9gion du Sud de l\u2019ensemble des 5 millions de plants. \u00ab\u00a0Le message qui a \u00e9t\u00e9 lanc\u00e9 \u00e0 Ambam, \u00e0 savoir, la disponibilit\u00e9 de cinq (05) millions de plants, diss\u00e9min\u00e9s dans la centaine de p\u00e9pini\u00e8res de la Sodecao, r\u00e9partie dans les bassins de production des r\u00e9gions du Sud, de l\u2019Est et du Littoral, ne s\u2019adressait pas uniquement aux cacaoculteurs du d\u00e9partement du d\u00e9partement de la Mvila dans la r\u00e9gion du Sud. Dans le d\u00e9partement de la Mvila sp\u00e9cifiquement six (06) p\u00e9pini\u00e8res (Ebolowa, Nkoemvone, Biwong-Bulu, Ngoulemakong, Mvangan, Ngoazip) assurent l\u2019approvisionnement de 300 000 plants de cacaoyers\u00a0\u00bb, indique la Sodecao.<\/p>\n<p><strong>Lire aussi<\/strong> : <strong><a href=\"https:\/\/ecomatin.net\/filiere-cacao-un-partenariat-entre-le-port-de-kribi-et-la-sodecao-en-gestation\/\">Fili\u00e8re cacao : un partenariat entre le port de Kribi et la Sodecao en gestation<\/a><\/strong><\/p>\n<p>L\u2019entreprise dirig\u00e9e par Jean Claude Eko\u2019o Akouafane, \u00e9galement accus\u00e9e de ne pas garantir les moyens logistiques pour s\u2019assurer de l\u2019acheminement des plants jusqu\u2019aux cacaoculteurs, se d\u00e9fend en ces termes\u00a0:\u00a0\u00ab la question du transport est d\u00e9licate car la Sodecao doit assurer la distribution de tous les plants disponibles avec un parc automobile r\u00e9siduel et vieux de plus 35 ans. Le service est donc rendu en fonction de la disponibilit\u00e9 des camions\u00a0\u00bb. La Sodecao r\u00e9v\u00e8le par ailleurs que l\u2019Etat subventionne \u00e0 90% le prix d\u2019un plan de cacaoyer, qui lui revient en moyenne \u00e0 500F, alors qu\u2019il est c\u00e9d\u00e9 aux cacaoculteurs \u00e0 50F. Il importe de pr\u00e9ciser que la distribution des 5 millions de plants pour la campagne en cours rentre dans le cadre du plan strat\u00e9gique de la Sodecao sur la p\u00e9riode 2020-2027. Au cours de la campagne pr\u00e9c\u00e9dente, l\u2019entreprise avait distribu\u00e9 4 millions de plants. Au niveau des cacaoculteurs du Sud, cette mise au point est loin de faire l\u2019unanimit\u00e9.<\/p>\n<p><strong>Lire aussi<\/strong> : <strong><a href=\"https:\/\/ecomatin.net\/lafd-octroie-200-millionss-de-f-pour-la-promotion-du-cacao-durable-dans-la-region-de-lest\/\">l\u2019AFD octroie 200 millions de F pour la promotion de cacao durable dans la r\u00e9gion de l\u2019Est<\/a><\/strong><\/p>\n<p>Auteur: Yannick KENNE<br \/>\n<a href=\"https:\/\/ecomatin.net\/filiere-cacao-5-millions-de-plants-divisent-les-cacaoculteurs-de-la-region-du-sud-et-la-sodecao\/\">Cliquez ici pour lire l&rsquo;article depuis sa source.<\/a><\/p>\n","protected":false},"excerpt":{"rendered":"<p>Le Directeur g\u00e9n\u00e9ral de la Soci\u00e9t\u00e9 de D\u00e9veloppement du cacao (Sodecao), Jean Claude Eko\u2019o Akouafane, a proc\u00e9d\u00e9 les 13 et 14 avril derniers au lancement de la campagne cacaoy\u00e8re 2020-2021 dans la r\u00e9gion du Sud, pr\u00e9cis\u00e9ment dans les localit\u00e9s d\u2019Ambam, de Meyo-Nyaka et de Nkoemvone. Au cours de cet important rendez-vous avec les cacaoculteurs, le [&hellip;]<\/p>\n","protected":false},"author":1969,"featured_media":0,"comment_status":"closed","ping_status":"closed","sticky":false,"template":"","format":"standard","meta":{"fifu_image_url":"","fifu_image_alt":"","footnotes":""},"categories":[82,78],"tags":[],"class_list":["post-116864","post","type-post","status-publish","format-standard","hentry","category-cameroun","category-economie"],"_links":{"self":[{"href":"https:\/\/linitiative.ca\/International\/wp-json\/wp\/v2\/posts\/116864","targetHints":{"allow":["GET"]}}],"collection":[{"href":"https:\/\/linitiative.ca\/International\/wp-json\/wp\/v2\/posts"}],"about":[{"href":"https:\/\/linitiative.ca\/International\/wp-json\/wp\/v2\/types\/post"}],"author":[{"embeddable":true,"href":"https:\/\/linitiative.ca\/International\/wp-json\/wp\/v2\/users\/1969"}],"replies":[{"embeddable":true,"href":"https:\/\/linitiative.ca\/International\/wp-json\/wp\/v2\/comments?post=116864"}],"version-history":[{"count":0,"href":"https:\/\/linitiative.ca\/International\/wp-json\/wp\/v2\/posts\/116864\/revisions"}],"wp:attachment":[{"href":"https:\/\/linitiative.ca\/International\/wp-json\/wp\/v2\/media?parent=116864"}],"wp:term":[{"taxonomy":"category","embeddable":true,"href":"https:\/\/linitiative.ca\/International\/wp-json\/wp\/v2\/categories?post=116864"},{"taxonomy":"post_tag","embeddable":true,"href":"https:\/\/linitiative.ca\/International\/wp-json\/wp\/v2\/tags?post=116864"}],"curies":[{"name":"wp","href":"https:\/\/api.w.org\/{rel}","templated":true}]}}