{"id":116866,"date":"2021-05-17T09:30:04","date_gmt":"2021-05-17T13:30:04","guid":{"rendered":"https:\/\/linitiative.ca\/International\/des-recommandations-pour-diversifier-loffre-touristique-a-tetouan\/"},"modified":"2021-05-17T09:30:04","modified_gmt":"2021-05-17T13:30:04","slug":"des-recommandations-pour-diversifier-loffre-touristique-a-tetouan","status":"publish","type":"post","link":"https:\/\/linitiative.ca\/International\/des-recommandations-pour-diversifier-loffre-touristique-a-tetouan\/","title":{"rendered":"Des recommandations pour diversifier l\u2019offre touristique \u00e0 T\u00e9touan"},"content":{"rendered":"<header>\n<\/header>\n<div class=\"entry-content clearfix\" readability=\"63\">\n<figure class=\"post-thumbnail\" itemprop=\"associatedMedia\" itemscope=\"itemscope\" itemtype=\"http:\/\/schema.org\/ImageObject\"><img decoding=\"async\" class=\"post_layout_5_img\" src=\"http:\/\/aujourdhui.ma\/wp-content\/uploads\/2018\/08\/Tetouan.jpg\" alt=\"Des recommandations pour diversifier l\u2019offre touristique \u00e0 T\u00e9touan\"\/><\/figure>\n<p><span class=\"c7\"><strong>Pour d\u00e9saisonnaliser la destination dont d\u00e9pend pratiquement juillet et ao\u00fbt<\/strong><\/span><span id=\"more-376557\"\/><\/p>\n<p>Le Forum pour le d\u00e9veloppement et la promotion du produit touristique dans la province de T\u00e9touan, qui vient de prendre fin, a tenu ses promesses en faisant la part belle aux sujets prioritaires ainsi que le tour d\u2019horizon des diff\u00e9rentes solutions propos\u00e9es pour aider le secteur \u00e0 \u00eatre bien pr\u00e9par\u00e9 \u00e0 la reprise post Covid-19. Le r\u00f4le de la nature et la culture dans le d\u00e9veloppement du tourisme, la promotion du secteur \u00e0 travers les moyens \u00e9lectroniques, le marketing et l\u2019animation touristique scientifique au c\u0153ur des d\u00e9bats principaux programm\u00e9s lors de cette premi\u00e8re \u00e9dition, dont les travaux se sont d\u00e9roul\u00e9s autour du th\u00e8me \u00abTous pour construire un tourisme durable ouvert \u00e0 la nature et \u00e0 la culture\u00bb. Les participants \u00e0 ce Forum ont ainsi recommand\u00e9 la diversification de l\u2019offre touristique en mettant en valeur les sites historiques et naturels de la province. Ce qui va donc participer \u00e0 d\u00e9saisonnaliser la destination de T\u00e9touan dont elle d\u00e9pend pratiquement des deux mois de juillet et ao\u00fbt.<\/p>\n<p>Les intervenants ont appel\u00e9 \u00e0 encourager la cr\u00e9ation des projets \u00e9lectroniques visant \u00e0 contribuer \u00e0 la promotion de l\u2019identit\u00e9 touristique de la Colombe blanche. Ces projets permettront de m\u00eame, de doter T\u00e9touan d\u2019une identit\u00e9 num\u00e9rique, tout en l\u2019aidant \u00e0 se moderniser et de devenir une ville de services touristiques \u00e9lectroniques \u00e0 m\u00eame de rivaliser avec des destinations de choix aux niveaux national et mondial. Ils vont \u00eatre \u00e9galement \u00e0 l\u2019origine des centres de formation des guides touristiques et des points de vente de produits artisanaux de la r\u00e9gion. Ce qui va aider de jouer en faveur de l\u2019am\u00e9lioration de l\u2019attractivit\u00e9 des sites intra-muros, qui sont consid\u00e9r\u00e9s parmi les lieux de pr\u00e9dilection des visiteurs nationaux et \u00e9trangers de T\u00e9touan. Les intervenants ont convenu de la n\u00e9cessit\u00e9 de promouvoir le tourisme en montagne \u00e0 travers l\u2019int\u00e9gration des zones rurales (connues par des sites montagneux riches en ressources naturelles et en beaux paysages) dans l\u2019offre h\u00f4teli\u00e8re de la province, tout en cherchant \u00e0 encourager la coop\u00e9ration et la coordination entre les auberges de montagne et les h\u00f4tels class\u00e9s de la province. Ils ont appel\u00e9, vu l\u2019importance socio-\u00e9conomique de ce secteur, \u00e0 inciter l\u2019investissement dans le tourisme en montagne dans les zones qui regorgent de plusieurs atouts dans ce secteur.<\/p>\n<p>Pour participer au d\u00e9veloppement des comp\u00e9tences dans le tourisme, les participants ont encourag\u00e9 \u00e0 la cr\u00e9ation des cours et des stages de formation, au sein des \u00e9tablissements universitaires, au profit des acteurs professionnels ainsi que leurs collaborateurs et salari\u00e9s. Dans ce contexte, des recherches seront men\u00e9es par ces \u00e9tablissements universitaires en vue de contribuer \u00e0 d\u00e9velopper le produit naturel et culturel local. Elles vont \u00eatre \u00e0 l\u2019origine d\u2019un catalogue num\u00e9rique, qui regroupe l\u2019ensemble des sites arch\u00e9ologiques et historiques de la province de T\u00e9touan.<\/p>\n<\/div>\n<p>Auteur: Najat Fa\u00efssal<br \/>\n<a href=\"https:\/\/aujourdhui.ma\/economie\/des-recommandations-pour-diversifier-loffre-touristique-a-tetouan\">Cliquez ici pour lire l&rsquo;article depuis sa source.<\/a><\/p>\n","protected":false},"excerpt":{"rendered":"<p>Pour d\u00e9saisonnaliser la destination dont d\u00e9pend pratiquement juillet et ao\u00fbt Le Forum pour le d\u00e9veloppement et la promotion du produit touristique dans la province de T\u00e9touan, qui vient de prendre fin, a tenu ses promesses en faisant la part belle aux sujets prioritaires ainsi que le tour d\u2019horizon des diff\u00e9rentes solutions propos\u00e9es pour aider le [&hellip;]<\/p>\n","protected":false},"author":1759,"featured_media":0,"comment_status":"closed","ping_status":"closed","sticky":false,"template":"","format":"standard","meta":{"fifu_image_url":"http:\/\/aujourdhui.ma\/wp-content\/uploads\/2018\/08\/Tetouan.jpg","fifu_image_alt":"Des recommandations pour diversifier l\u2019offre touristique \u00e0 T\u00e9touan","footnotes":""},"categories":[73,54],"tags":[],"class_list":["post-116866","post","type-post","status-publish","format-standard","hentry","category-actualite","category-maroc"],"_links":{"self":[{"href":"https:\/\/linitiative.ca\/International\/wp-json\/wp\/v2\/posts\/116866","targetHints":{"allow":["GET"]}}],"collection":[{"href":"https:\/\/linitiative.ca\/International\/wp-json\/wp\/v2\/posts"}],"about":[{"href":"https:\/\/linitiative.ca\/International\/wp-json\/wp\/v2\/types\/post"}],"author":[{"embeddable":true,"href":"https:\/\/linitiative.ca\/International\/wp-json\/wp\/v2\/users\/1759"}],"replies":[{"embeddable":true,"href":"https:\/\/linitiative.ca\/International\/wp-json\/wp\/v2\/comments?post=116866"}],"version-history":[{"count":0,"href":"https:\/\/linitiative.ca\/International\/wp-json\/wp\/v2\/posts\/116866\/revisions"}],"wp:attachment":[{"href":"https:\/\/linitiative.ca\/International\/wp-json\/wp\/v2\/media?parent=116866"}],"wp:term":[{"taxonomy":"category","embeddable":true,"href":"https:\/\/linitiative.ca\/International\/wp-json\/wp\/v2\/categories?post=116866"},{"taxonomy":"post_tag","embeddable":true,"href":"https:\/\/linitiative.ca\/International\/wp-json\/wp\/v2\/tags?post=116866"}],"curies":[{"name":"wp","href":"https:\/\/api.w.org\/{rel}","templated":true}]}}